{"id":57042,"date":"2025-09-03T12:27:17","date_gmt":"2025-09-03T12:27:17","guid":{"rendered":"https:\/\/www.europesays.com\/pt\/57042\/"},"modified":"2025-09-03T12:27:17","modified_gmt":"2025-09-03T12:27:17","slug":"ja-nao-ha-duvidas-marcia-soares-quebra-o-silencio-sobre-luis-goncalves-e-esclarece-tudo-em-direto","status":"publish","type":"post","link":"https:\/\/www.europesays.com\/pt\/57042\/","title":{"rendered":"J\u00e1 n\u00e3o h\u00e1 d\u00favidas: Marcia Soares quebra o sil\u00eancio sobre Lu\u00eds Gon\u00e7alves&#8230; e esclarece tudo em direto!"},"content":{"rendered":"<p>Marcia Soares regressou \u00e0 televis\u00e3o, esta ter\u00e7a-feira, dia 2, para falar sobre o processo de transforma\u00e7\u00e3o pelo qual passou com a ajuda de Francisco Macau e do neg\u00f3cio do personal trainer, Team Macau.<\/p>\n<p>No final da entrevista, contudo, Cristina Ferreira e Cl\u00e1udio Ramos levaram a entrevista para outro assunto.\u00a0&#8220;Tens dado aten\u00e7\u00e3o a algu\u00e9m?&#8221;, quis saber o apresentador, levando a comentadora de reality shows da TVI como &#8220;<a href=\"https:\/\/tvi.iol.pt\/bigbrother\/\" target=\"_blank\" rel=\"nofollow noopener\">Big Brother<\/a>&#8221; e &#8220;<a href=\"https:\/\/tvi.iol.pt\/secretstory\/\" target=\"_blank\" rel=\"nofollow noopener\">Secret Story<\/a> &#8211; Casa dos Segredos&#8221; a responder: &#8220;N\u00e3o. Infelizmente, n\u00e3o.&#8221;<\/p>\n<p>&#8220;Teve aqui um a quem n\u00f3s pergunt\u00e1mos por ti&#8221;, alertou a anfitri\u00e3 do programa &#8220;<a href=\"https:\/\/tvi.iol.pt\/doisas10\/\" target=\"_blank\" rel=\"nofollow noopener\">Dois \u00e0s 10<\/a>&#8220;, referindo-se a Lu\u00eds Gon\u00e7alves, cuja liga\u00e7\u00e3o de amizade a Marcia Soares desencadeou rumores de um poss\u00edvel interesse amoroso. &#8220;Voc\u00eas s\u00e3o terr\u00edveis!&#8221;, disparou a tamb\u00e9m influenciadora digital, com Cl\u00e1udio Ramos a insistir no tema: &#8220;O Lu\u00eds apreciou a tua mudan\u00e7a?&#8221;. &#8220;N\u00e3o sei. N\u00e3o lhe perguntei&#8221;, contrap\u00f4s a luxemburguesa, falando, depois, de uma fotografia mostrada no matutino da TVI, captada na respetiva festa de anivers\u00e1rio: &#8220;Voc\u00eas s\u00e3o terr\u00edveis. Estavam l\u00e1 o Lu\u00eds, o Marcelo [Palma], a Rita [Almeida], o Pedro [Crispim]&#8230;&#8221;<\/p>\n<p>Cristina Ferreira destacou, seguidamente, o\u00a0&#8220;sorrisinho maroto&#8221; com que Lu\u00eds Gon\u00e7alves ficou quando, naquele mesmo cen\u00e1rio, os dois apresentadores lhe falaram de Marcia Soares.\u00a0&#8220;Voc\u00eas falavam de uma mulher e ele faz sempre um sorriso maroto&#8221;, constatou a convidada. &#8220;Mas tu sabes que ele arrasta a asa para ti&#8230;&#8221;, continuou Cl\u00e1udio Ramos. &#8220;Ele disse que eu sou uma mulher interessante. E n\u00e3o sou?! O que voc\u00eas querem?! Larguem-me!&#8221;, atirou a comentadora de reality shows da <a href=\"https:\/\/tvi.iol.pt\/\" target=\"_blank\" rel=\"nofollow noopener\">TVI<\/a>, em jeito de brincadeira, garantindo que,\u00a0em termos amorosos, &#8220;n\u00e3o&#8221; acha gra\u00e7a ao vencedor do &#8220;Big Brother 2025&#8221;. &#8220;Deixem o Lu\u00eds tranquilo e a mim tamb\u00e9m&#8221;, acrescentou.<\/p>\n<p><a href=\"https:\/\/selfie.iol.pt\/famosos\/big-brother-verao\/apos-boato-sobre-jessica-vieira-marcia-soares-repoe-a-verdade-nao-olham-a-meios-para-atingir-os-fins\/20250901\/68b603a4d34ef72ee44a0bac\" target=\"_blank\" rel=\"nofollow noopener\">Marcia Soares<\/a> esclareceu ainda como nasceu a amizade com Lu\u00eds Gon\u00e7alves. &#8220;Adorei a participa\u00e7\u00e3o do Lu\u00eds [na casa mais vigiada do Pa\u00eds]. \u00c9 uma pessoa de quem gosto muito. Na altura, convidou-me para ir a uma festa de agradecimento com a fam\u00edlia e os amigos. No in\u00edcio, nem era para eu ir, para n\u00e3o dar azo a isto. S\u00f3 que eu disse: &#8216;Vais!&#8217;. Depois, retribu\u00ed com um convite [para a festa de anivers\u00e1rio]&#8221;, explicou.<\/p>\n<p>Veja, agora, o v\u00eddeo de <a href=\"https:\/\/selfie.iol.pt\/famosos\/marcia-soares\/ao-fim-de-tres-meses-marcia-soares-fala-sobre-mudanca-e-confessa-pensava-que-ia-ser-a-parte-mais-dificil\/20250902\/68b70311d34ef72ee44a12ab\" target=\"_blank\" rel=\"nofollow noopener\">Marcia Soares<\/a> no formato das manh\u00e3s do canal de Queluz de Baixo.<\/p>\n","protected":false},"excerpt":{"rendered":"Marcia Soares regressou \u00e0 televis\u00e3o, esta ter\u00e7a-feira, dia 2, para falar sobre o processo de transforma\u00e7\u00e3o pelo qual&hellip;\n","protected":false},"author":2,"featured_media":57043,"comment_status":"","ping_status":"","sticky":false,"template":"","format":"standard","meta":{"footnotes":""},"categories":[142],"tags":[6308,6812,48,6810,2632,329,6980,166,801,114,115,980,3503,5892,2038,619,32,33,1315,6985,1012,6986,15985,151,162,6813],"class_list":{"0":"post-57042","1":"post","2":"type-post","3":"status-publish","4":"format-standard","5":"has-post-thumbnail","7":"category-tv","8":"tag-bb","9":"tag-bb2025","10":"tag-big-brother","11":"tag-big-brother-2025","12":"tag-casa-dos-segredos","13":"tag-claudio-ramos","14":"tag-comentadora","15":"tag-cristina-ferreira","16":"tag-dois-as-10","17":"tag-entertainment","18":"tag-entretenimento","19":"tag-famosos","20":"tag-francisco-macau","21":"tag-luis-goncalves","22":"tag-marcia-soares","23":"tag-nacional","24":"tag-portugal","25":"tag-pt","26":"tag-secret-story","27":"tag-secret-story-casa-dos-segredos","28":"tag-selfie","29":"tag-ss","30":"tag-team-macau","31":"tag-tv","32":"tag-tvi","33":"tag-vencedor"},"share_on_mastodon":{"url":"","error":""},"_links":{"self":[{"href":"https:\/\/www.europesays.com\/pt\/wp-json\/wp\/v2\/posts\/57042","targetHints":{"allow":["GET"]}}],"collection":[{"href":"https:\/\/www.europesays.com\/pt\/wp-json\/wp\/v2\/posts"}],"about":[{"href":"https:\/\/www.europesays.com\/pt\/wp-json\/wp\/v2\/types\/post"}],"author":[{"embeddable":true,"href":"https:\/\/www.europesays.com\/pt\/wp-json\/wp\/v2\/users\/2"}],"replies":[{"embeddable":true,"href":"https:\/\/www.europesays.com\/pt\/wp-json\/wp\/v2\/comments?post=57042"}],"version-history":[{"count":0,"href":"https:\/\/www.europesays.com\/pt\/wp-json\/wp\/v2\/posts\/57042\/revisions"}],"wp:featuredmedia":[{"embeddable":true,"href":"https:\/\/www.europesays.com\/pt\/wp-json\/wp\/v2\/media\/57043"}],"wp:attachment":[{"href":"https:\/\/www.europesays.com\/pt\/wp-json\/wp\/v2\/media?parent=57042"}],"wp:term":[{"taxonomy":"category","embeddable":true,"href":"https:\/\/www.europesays.com\/pt\/wp-json\/wp\/v2\/categories?post=57042"},{"taxonomy":"post_tag","embeddable":true,"href":"https:\/\/www.europesays.com\/pt\/wp-json\/wp\/v2\/tags?post=57042"}],"curies":[{"name":"wp","href":"https:\/\/api.w.org\/{rel}","templated":true}]}}