{"id":57048,"date":"2025-09-03T12:31:08","date_gmt":"2025-09-03T12:31:08","guid":{"rendered":"https:\/\/www.europesays.com\/pt\/57048\/"},"modified":"2025-09-03T12:31:08","modified_gmt":"2025-09-03T12:31:08","slug":"aumento-de-casos-de-meningite-leva-o-cosems-al-a-mobilizar-ms-e-forca-nacional-do-sus-ama","status":"publish","type":"post","link":"https:\/\/www.europesays.com\/pt\/57048\/","title":{"rendered":"Aumento de Casos de meningite leva o Cosems-AL a mobilizar MS e For\u00e7a Nacional do SUS &#8211; AMA"},"content":{"rendered":"<p><a href=\"https:\/\/ama-al.com.br\/wp-content\/uploads\/2025\/09\/IMG-20250901-WA03691.jpg\" rel=\"nofollow noopener\" target=\"_blank\"><img fetchpriority=\"high\" decoding=\"async\" class=\"size-medium wp-image-129847 alignleft\" src=\"https:\/\/www.europesays.com\/pt\/wp-content\/uploads\/2025\/09\/IMG-20250901-WA03691-300x265.jpg\" alt=\"\" width=\"300\" height=\"265\"  \/><\/a>O aumento de casos da doen\u00e7a meningoc\u00f3cica em Alagoas \u2013 que esta semana j\u00e1 somam 14 casos e seis \u00f3bitos, segundo dados da Secretaria de Estado da Sa\u00fade de Alagoas (Sesau) \u2013 levou o presidente do Conselho de Secretarias Municipais de Sa\u00fade de Alagoas (Cosems-AL) e vice-presidente do Conselho Nacional de Secretarias Municipais de Sa\u00fade (Conasems), Rodrigo Buarque, a se reunir, na \u00faltima semana, com o Minist\u00e9rio da Sa\u00fade para discutir a problem\u00e1tica e estrat\u00e9gias para a revers\u00e3o do quadro.<\/p>\n<p>Rodrigo se reuniu com a secret\u00e1ria de Vigil\u00e2ncia em Sa\u00fade e Ambiente do Minist\u00e9rio da Sa\u00fade, Mari\u00e2ngela Batista; o diretor do Departamento do programa Nacional de Imuniza\u00e7\u00f5es do MS, Eder Gatti Fernandes; e com o secret\u00e1rio executivo do MS, Adriano Massuda, para expor o panorama de meningite em Alagoas. Rodrigo destacou o apoio do presidente do Conasems Hisham Hamida; e do secret\u00e1rio executivo Mauro Junqueira.<\/p>\n<p>A assessora t\u00e9cnica do Conasems, Kandice Falc\u00e3o, que atua na \u00e1rea de imuniza\u00e7\u00e3o, tamb\u00e9m participou das discuss\u00f5es e deve fazer parte da comitiva que vir\u00e1 a Alagoas na primeira quinzena de setembro para avaliar os casos e adotarem as medidas cab\u00edveis para reverter e\/ou minimizar a situa\u00e7\u00e3o.<\/p>\n<p>\u201cA letalidade em Alagoas j\u00e1 superou a m\u00e9dia nacional e requer uma resposta urgente e coordenada para enfrentar essa crise\u201d destacou Rodrigo Buarque, acrescentando que entre os diferentes sorogrupos de meningococo, o tipo B, ainda n\u00e3o coberto pelo SUS \u2013 vem gerando uma situa\u00e7\u00e3o de endemia no Estado, afetando principalmente as crian\u00e7as menores de cinco anos\u201d, alertou o presidente do Cosems-AL.<\/p>\n","protected":false},"excerpt":{"rendered":"O aumento de casos da doen\u00e7a meningoc\u00f3cica em Alagoas \u2013 que esta semana j\u00e1 somam 14 casos e&hellip;\n","protected":false},"author":2,"featured_media":57049,"comment_status":"","ping_status":"","sticky":false,"template":"","format":"standard","meta":{"footnotes":""},"categories":[86],"tags":[1665,116,32,33,117],"class_list":{"0":"post-57048","1":"post","2":"type-post","3":"status-publish","4":"format-standard","5":"has-post-thumbnail","7":"category-saude","8":"tag-cidades","9":"tag-health","10":"tag-portugal","11":"tag-pt","12":"tag-saude"},"share_on_mastodon":{"url":"","error":""},"_links":{"self":[{"href":"https:\/\/www.europesays.com\/pt\/wp-json\/wp\/v2\/posts\/57048","targetHints":{"allow":["GET"]}}],"collection":[{"href":"https:\/\/www.europesays.com\/pt\/wp-json\/wp\/v2\/posts"}],"about":[{"href":"https:\/\/www.europesays.com\/pt\/wp-json\/wp\/v2\/types\/post"}],"author":[{"embeddable":true,"href":"https:\/\/www.europesays.com\/pt\/wp-json\/wp\/v2\/users\/2"}],"replies":[{"embeddable":true,"href":"https:\/\/www.europesays.com\/pt\/wp-json\/wp\/v2\/comments?post=57048"}],"version-history":[{"count":0,"href":"https:\/\/www.europesays.com\/pt\/wp-json\/wp\/v2\/posts\/57048\/revisions"}],"wp:featuredmedia":[{"embeddable":true,"href":"https:\/\/www.europesays.com\/pt\/wp-json\/wp\/v2\/media\/57049"}],"wp:attachment":[{"href":"https:\/\/www.europesays.com\/pt\/wp-json\/wp\/v2\/media?parent=57048"}],"wp:term":[{"taxonomy":"category","embeddable":true,"href":"https:\/\/www.europesays.com\/pt\/wp-json\/wp\/v2\/categories?post=57048"},{"taxonomy":"post_tag","embeddable":true,"href":"https:\/\/www.europesays.com\/pt\/wp-json\/wp\/v2\/tags?post=57048"}],"curies":[{"name":"wp","href":"https:\/\/api.w.org\/{rel}","templated":true}]}}