{"id":57077,"date":"2025-09-03T12:55:14","date_gmt":"2025-09-03T12:55:14","guid":{"rendered":"https:\/\/www.europesays.com\/pt\/57077\/"},"modified":"2025-09-03T12:55:14","modified_gmt":"2025-09-03T12:55:14","slug":"a-sos-catarina-miranda-e-afonso-leitao-tem-conversa-especial-sobre-o-futuro-noticias-de-hoje-iol","status":"publish","type":"post","link":"https:\/\/www.europesays.com\/pt\/57077\/","title":{"rendered":"A s\u00f3s, Catarina Miranda e Afonso Leit\u00e3o t\u00eam conversa especial sobre o futuro &#8211; Not\u00edcias de hoje &#8211; IOL"},"content":{"rendered":"<ol>\n<li><a href=\"https:\/\/news.google.com\/rss\/articles\/CBMiygFBVV95cUxPYlVUWDBZYmlDWlgtZHR0ZHMteWpKc1hVWXRabGpGU0lqT205S2xCbk1HenB6OWJNX0M4Z0FYX0ZQWksxR2dhTVFfYUdvbjFERk1iTXllc1RFTDYtdmh1UFlBU3VacHhpLXUzLVl0cnJGckpEeDdBbUhMUGl0X1JmZkM1MENaTU1IMnVzQVkzcmNRcUhGUGthdTMxQkR2VG9VdWRLS0JqNmtWbFdTYl9wUUpfZURpZ3lGdGZiQ1pZXy1oMUZua0ZQdXB3?oc=5\" target=\"_blank\" rel=\"nofollow noopener\">A s\u00f3s, Catarina Miranda e Afonso Leit\u00e3o t\u00eam conversa especial sobre o futuro<\/a>&nbsp;&nbsp;Not\u00edcias de hoje &#8211; IOL<\/li>\n<li><a href=\"https:\/\/news.google.com\/rss\/articles\/CBMizgFBVV95cUxQVmgwcGJaV2hQTlVMdEpvV0xuZmE3Q0VxcGQwLXRSOS0wbGJiUlkya1pSSDBLZnoyaWVMQ2kxbFYyaVVaY1pKZVp5cmhsbnJjTkYybm5KMXh4MFhKQURrSFRDNmpvcWNVdjB4dDZmcll3NUhXVWZHWkR2b0U3aUZvdWMxOXNtcUZkZ3NIVmQzbUd3eHRON3dFU003R2tPSUZaekwwSVJtU0tMaFlPV3A0aU42cUlZODZkbkc2WDE4NUpRZE5zTUFBRTNTUnRGZw?oc=5\" target=\"_blank\" rel=\"nofollow noopener\">Big Brother Beijos e abra\u00e7os! Catarina Miranda e Afonso Leit\u00e3o vivem momentos de cumplicidade<\/a>&nbsp;&nbsp;Portal Impala<\/li>\n<li><a href=\"https:\/\/news.google.com\/rss\/articles\/CBMinAFBVV95cUxOWEFPTzMxdmxWUmJ2VXF4UzNqM29tM21tSThxU3NWM0JybXdJanlDMUt5QXBKcGVRV3JzWUxDT0l5anZLbFNxSGl3c3d0UEVDbm9zTEtJdkZYLU12UVctOVZHaTh1TE1xeTNLYlYtOG9wWTFjNWxwaXBaMFpjb1p5RmFmRi1yUTZKZ2o3QjVtYUJ3VTFnRTJFSnYzQ1k?oc=5\" target=\"_blank\" rel=\"nofollow noopener\">Big Brother: Catarina Miranda sonha com romance, Afonso Leit\u00e3o nem por isso<\/a>&nbsp;&nbsp;Dioguinho<\/li>\n<li><a href=\"https:\/\/news.google.com\/rss\/articles\/CBMipgFBVV95cUxNX01id3RHcy04RU53YU1KRmdPZm9VYkJteGR1dmhya0xYaS04NW1FYjBVX3FScllBR3JOMGxPazlJcjJsUVUwYjJVeEkxMzctakJza3JFb3lNM1EwcTJTdUpCX1ZwbGxKODRjWTNTbkItOXgxVGwxU3FkUjVwb0QxT2NNcjItdHVnUkcxQ2hsMU1iREt6a0gwc19RR1ppTzFiNzlhQW5n?oc=5\" target=\"_blank\" rel=\"nofollow noopener\">Big Brother: Catarina Miranda chora por causa de Afonso e J\u00e9ssica e fala em desistir<\/a>&nbsp;&nbsp;infocul.pt<\/li>\n<li><a href=\"https:\/\/news.google.com\/rss\/articles\/CBMiqAJBVV95cUxNbFNKcUJLYW1DQ3BNOHdzR0NwZ0hheU9qOFo2ZHk1Q09MV0hCTWNoQW9sUVZVWDZMSTI2ejJVZFRHZDI0b1hkUi02akFpLU1ZSC1KLXJVNWxfN0FIdmpPU3o3UTl3akdESWtIbTVKOG9GNVpBU3l5OUUwbDlpMUcwaDh6ZDVRaEM5eVV5S3dFSlpLVWNVNEV5VGNUdFNIclFsZzlhTk1ta1BpdmUyUm53M0RjelNXSERIb1hQWXUwQkZuNmY4cV9hOEJEUWZLblRZNnNPdWpGR1RnT0g3THc1VWQ5ZTloMzJZMUctU1FBSWplSl9TeC1yTFcxU3VUMjlxc2MxSDRIaXYwU2hGd2FzUW84YXZNQXVwb3VGMVNfSGJaakFlNnhleA?oc=5\" target=\"_blank\" rel=\"nofollow noopener\">Catarina Miranda no limite depois de atitude de Afonso: \u00abS\u00f3 n\u00e3o saio deste programa hoje&#8230;\u00bb<\/a>&nbsp;&nbsp;MSN<\/li>\n<\/ol>\n","protected":false},"excerpt":{"rendered":"A s\u00f3s, Catarina Miranda e Afonso Leit\u00e3o t\u00eam conversa especial sobre o futuro&nbsp;&nbsp;Not\u00edcias de hoje &#8211; IOL Big&hellip;\n","protected":false},"author":2,"featured_media":57078,"comment_status":"","ping_status":"","sticky":false,"template":"","format":"standard","meta":{"footnotes":""},"categories":[142],"tags":[2031,342,114,115,488,13,32,33,151],"class_list":{"0":"post-57077","1":"post","2":"type-post","3":"status-publish","4":"format-standard","5":"has-post-thumbnail","7":"category-tv","8":"tag-afonso-leitao","9":"tag-catarina-miranda","10":"tag-entertainment","11":"tag-entretenimento","12":"tag-iol","13":"tag-noticias","14":"tag-portugal","15":"tag-pt","16":"tag-tv"},"share_on_mastodon":{"url":"","error":""},"_links":{"self":[{"href":"https:\/\/www.europesays.com\/pt\/wp-json\/wp\/v2\/posts\/57077","targetHints":{"allow":["GET"]}}],"collection":[{"href":"https:\/\/www.europesays.com\/pt\/wp-json\/wp\/v2\/posts"}],"about":[{"href":"https:\/\/www.europesays.com\/pt\/wp-json\/wp\/v2\/types\/post"}],"author":[{"embeddable":true,"href":"https:\/\/www.europesays.com\/pt\/wp-json\/wp\/v2\/users\/2"}],"replies":[{"embeddable":true,"href":"https:\/\/www.europesays.com\/pt\/wp-json\/wp\/v2\/comments?post=57077"}],"version-history":[{"count":0,"href":"https:\/\/www.europesays.com\/pt\/wp-json\/wp\/v2\/posts\/57077\/revisions"}],"wp:featuredmedia":[{"embeddable":true,"href":"https:\/\/www.europesays.com\/pt\/wp-json\/wp\/v2\/media\/57078"}],"wp:attachment":[{"href":"https:\/\/www.europesays.com\/pt\/wp-json\/wp\/v2\/media?parent=57077"}],"wp:term":[{"taxonomy":"category","embeddable":true,"href":"https:\/\/www.europesays.com\/pt\/wp-json\/wp\/v2\/categories?post=57077"},{"taxonomy":"post_tag","embeddable":true,"href":"https:\/\/www.europesays.com\/pt\/wp-json\/wp\/v2\/tags?post=57077"}],"curies":[{"name":"wp","href":"https:\/\/api.w.org\/{rel}","templated":true}]}}