{"id":57139,"date":"2025-09-03T13:46:20","date_gmt":"2025-09-03T13:46:20","guid":{"rendered":"https:\/\/www.europesays.com\/pt\/57139\/"},"modified":"2025-09-03T13:46:20","modified_gmt":"2025-09-03T13:46:20","slug":"classe-media-fora-da-rede-publica-de-residencias-estudantis","status":"publish","type":"post","link":"https:\/\/www.europesays.com\/pt\/57139\/","title":{"rendered":"Classe m\u00e9dia fora da rede p\u00fablica de resid\u00eancias estudantis"},"content":{"rendered":"<p>A rede p\u00fablica de resid\u00eancias universit\u00e1rias s\u00f3 tem capacidade para dar resposta aos alunos bolseiros. A classe m\u00e9dia acaba por ser atirada para o setor privado onde a renda m\u00e9dia nacional de um quarto \u00e9 de 415 euros. Mas em cidades como Lisboa e Porto pode atingir os 700 euros.<\/p>\n<p data-remotead-prev-elm=\"true\" data-remotead-elm-id=\"inread\">H\u00e1 um total de 16 300 camas na rede p\u00fablica de resid\u00eancias estudantis, quando s\u00e3o 175 208 os alunos universit\u00e1rios deslocados. Acresce que muitas dessas camas est\u00e3o a ser intervencionadas. Ou seja, o atual ano letivo abre com menos oferta p\u00fablica de alojamento para estudantes. No \u00e2mbito do Plano Nacional para o Alojamento no Ensino Superior (PNAES), est\u00e1 prevista a abertura no pa\u00eds de nove novas resid\u00eancias p\u00fablicas, com um total de 3600 camas, mas isso s\u00f3 dever\u00e1 ocorrer no pr\u00f3ximo ano.<\/p>\n","protected":false},"excerpt":{"rendered":"A rede p\u00fablica de resid\u00eancias universit\u00e1rias s\u00f3 tem capacidade para dar resposta aos alunos bolseiros. A classe m\u00e9dia&hellip;\n","protected":false},"author":2,"featured_media":57140,"comment_status":"","ping_status":"","sticky":false,"template":"","format":"standard","meta":{"footnotes":""},"categories":[10],"tags":[27,28,15,16,14,25,26,21,22,12,13,19,20,32,23,24,33,17,18,29,30,31],"class_list":{"0":"post-57139","1":"post","2":"type-post","3":"status-publish","4":"format-standard","5":"has-post-thumbnail","7":"category-portugal","8":"tag-breaking-news","9":"tag-breakingnews","10":"tag-featured-news","11":"tag-featurednews","12":"tag-headlines","13":"tag-latest-news","14":"tag-latestnews","15":"tag-main-news","16":"tag-mainnews","17":"tag-news","18":"tag-noticias","19":"tag-noticias-principais","20":"tag-noticiasprincipais","21":"tag-portugal","22":"tag-principais-noticias","23":"tag-principaisnoticias","24":"tag-pt","25":"tag-top-stories","26":"tag-topstories","27":"tag-ultimas","28":"tag-ultimas-noticias","29":"tag-ultimasnoticias"},"share_on_mastodon":{"url":"","error":""},"_links":{"self":[{"href":"https:\/\/www.europesays.com\/pt\/wp-json\/wp\/v2\/posts\/57139","targetHints":{"allow":["GET"]}}],"collection":[{"href":"https:\/\/www.europesays.com\/pt\/wp-json\/wp\/v2\/posts"}],"about":[{"href":"https:\/\/www.europesays.com\/pt\/wp-json\/wp\/v2\/types\/post"}],"author":[{"embeddable":true,"href":"https:\/\/www.europesays.com\/pt\/wp-json\/wp\/v2\/users\/2"}],"replies":[{"embeddable":true,"href":"https:\/\/www.europesays.com\/pt\/wp-json\/wp\/v2\/comments?post=57139"}],"version-history":[{"count":0,"href":"https:\/\/www.europesays.com\/pt\/wp-json\/wp\/v2\/posts\/57139\/revisions"}],"wp:featuredmedia":[{"embeddable":true,"href":"https:\/\/www.europesays.com\/pt\/wp-json\/wp\/v2\/media\/57140"}],"wp:attachment":[{"href":"https:\/\/www.europesays.com\/pt\/wp-json\/wp\/v2\/media?parent=57139"}],"wp:term":[{"taxonomy":"category","embeddable":true,"href":"https:\/\/www.europesays.com\/pt\/wp-json\/wp\/v2\/categories?post=57139"},{"taxonomy":"post_tag","embeddable":true,"href":"https:\/\/www.europesays.com\/pt\/wp-json\/wp\/v2\/tags?post=57139"}],"curies":[{"name":"wp","href":"https:\/\/api.w.org\/{rel}","templated":true}]}}