{"id":57156,"date":"2025-09-03T14:00:07","date_gmt":"2025-09-03T14:00:07","guid":{"rendered":"https:\/\/www.europesays.com\/pt\/57156\/"},"modified":"2025-09-03T14:00:07","modified_gmt":"2025-09-03T14:00:07","slug":"psp-dispara-contra-homem-que-apontava-tesoura-a-pescoco-de-mulher-em-odivelas","status":"publish","type":"post","link":"https:\/\/www.europesays.com\/pt\/57156\/","title":{"rendered":"PSP dispara contra homem que apontava tesoura a pesco\u00e7o de mulher em Odivelas"},"content":{"rendered":"<p>Apenas dessa forma, e ap\u00f3s v\u00e1rias ordens para largar a arma, foi poss\u00edvel afastar o agressor que n\u00e3o conhecia a v\u00edtima e que a ter\u00e1 atacado sem qualquer motivo hoje de manh\u00e3. A v\u00edtima sofreu cortes superficiais e o agressor foi detido.<\/p>\n<p data-remotead-prev-elm=\"true\" data-remotead-elm-id=\"inread\">As agress\u00f5es ocorreram perto das 8 horas, dentro da loja de conveni\u00eancia de um posto de abastecimento de combust\u00edveis em Odivelas. Uma mulher com 47 anos entrou no espa\u00e7o para pagar o abastecimento da viatura e, atr\u00e1s, seguiam dois homens, que estariam alcoolizados. De acordo com fonte da PSP, sem que nada o fizesse prever, um dos homens, de 33 anos, atacou a v\u00edtima, provocando-lhe v\u00e1rios cortes e impedindo-a de fugir. O segundo homem que o acompanhava fugiu.<\/p>\n<p>A PSP foi alertada e fez chegar ao local agentes que se depararam com o suspeito a fazer a v\u00edtima ref\u00e9m, apontando-lhe a tesoura ao pesco\u00e7o, dentro da loja do posto de combust\u00edvel.<\/p>\n<p data-remotead-prev-elm=\"true\" data-remotead-elm-id=\"centro1\">De arma em punho, os pol\u00edcias ordenaram por diversas vezes para que o homem largasse a arma, mas sem sucesso. Perante a resist\u00eancia, o homem foi atingido com um tiro na perna direita e logo imobilizado pela pol\u00edcia.<\/p>\n<p>A v\u00edtima sofreu v\u00e1rios cortes, embora nenhum deles profundo, e foi transportada para o Hospital Beatriz \u00c2ngelo para ser assistida. O suspeito seguiu tamb\u00e9m para o mesmo hospital para receber tratamento e ap\u00f3s alta foi detido para ser presente a tribunal. Ao que foi poss\u00edvel apurar, o homem \u00e9 conhecido das autoridades pelo passado criminal.<\/p>\n","protected":false},"excerpt":{"rendered":"Apenas dessa forma, e ap\u00f3s v\u00e1rias ordens para largar a arma, foi poss\u00edvel afastar o agressor que n\u00e3o&hellip;\n","protected":false},"author":2,"featured_media":57157,"comment_status":"","ping_status":"","sticky":false,"template":"","format":"standard","meta":{"footnotes":""},"categories":[10],"tags":[27,28,15,16,14,25,26,21,22,12,13,19,20,32,23,24,33,17,18,29,30,31],"class_list":{"0":"post-57156","1":"post","2":"type-post","3":"status-publish","4":"format-standard","5":"has-post-thumbnail","7":"category-portugal","8":"tag-breaking-news","9":"tag-breakingnews","10":"tag-featured-news","11":"tag-featurednews","12":"tag-headlines","13":"tag-latest-news","14":"tag-latestnews","15":"tag-main-news","16":"tag-mainnews","17":"tag-news","18":"tag-noticias","19":"tag-noticias-principais","20":"tag-noticiasprincipais","21":"tag-portugal","22":"tag-principais-noticias","23":"tag-principaisnoticias","24":"tag-pt","25":"tag-top-stories","26":"tag-topstories","27":"tag-ultimas","28":"tag-ultimas-noticias","29":"tag-ultimasnoticias"},"share_on_mastodon":{"url":"","error":""},"_links":{"self":[{"href":"https:\/\/www.europesays.com\/pt\/wp-json\/wp\/v2\/posts\/57156","targetHints":{"allow":["GET"]}}],"collection":[{"href":"https:\/\/www.europesays.com\/pt\/wp-json\/wp\/v2\/posts"}],"about":[{"href":"https:\/\/www.europesays.com\/pt\/wp-json\/wp\/v2\/types\/post"}],"author":[{"embeddable":true,"href":"https:\/\/www.europesays.com\/pt\/wp-json\/wp\/v2\/users\/2"}],"replies":[{"embeddable":true,"href":"https:\/\/www.europesays.com\/pt\/wp-json\/wp\/v2\/comments?post=57156"}],"version-history":[{"count":0,"href":"https:\/\/www.europesays.com\/pt\/wp-json\/wp\/v2\/posts\/57156\/revisions"}],"wp:featuredmedia":[{"embeddable":true,"href":"https:\/\/www.europesays.com\/pt\/wp-json\/wp\/v2\/media\/57157"}],"wp:attachment":[{"href":"https:\/\/www.europesays.com\/pt\/wp-json\/wp\/v2\/media?parent=57156"}],"wp:term":[{"taxonomy":"category","embeddable":true,"href":"https:\/\/www.europesays.com\/pt\/wp-json\/wp\/v2\/categories?post=57156"},{"taxonomy":"post_tag","embeddable":true,"href":"https:\/\/www.europesays.com\/pt\/wp-json\/wp\/v2\/tags?post=57156"}],"curies":[{"name":"wp","href":"https:\/\/api.w.org\/{rel}","templated":true}]}}