{"id":57160,"date":"2025-09-03T14:02:24","date_gmt":"2025-09-03T14:02:24","guid":{"rendered":"https:\/\/www.europesays.com\/pt\/57160\/"},"modified":"2025-09-03T14:02:24","modified_gmt":"2025-09-03T14:02:24","slug":"surpresa-nuno-brito-esta-apaixonado-e-ja-ha-uma-imagem-do-casal","status":"publish","type":"post","link":"https:\/\/www.europesays.com\/pt\/57160\/","title":{"rendered":"Surpresa: Nuno Brito est\u00e1 apaixonado&#8230; e j\u00e1 h\u00e1 uma imagem do casal!"},"content":{"rendered":"<p><a href=\"https:\/\/selfie.iol.pt\/famosos\/lisa-schincariol\/nuno-brito-tenta-falar-com-lisa-schincariol-e-finalista-do-big-brother-toma-decisao\/20250702\/68658722d34ef72ee447df54\" target=\"_blank\" rel=\"nofollow noopener\">Nuno Brito<\/a> reencontrou o amor e j\u00e1 n\u00e3o esconde a cumplicidade com uma mulher cuja identidade, para j\u00e1, prefere n\u00e3o revelar.<\/p>\n<p>As suspeitas surgiram ap\u00f3s o ex-concorrente do &#8220;<a href=\"https:\/\/tvi.iol.pt\/bigbrother\/\" target=\"_blank\" rel=\"nofollow noopener\">Big Brother<\/a> 2025&#8243; partilhar, no Instagram, uma fotografia na qual surge num momento de cumplicidade com uma pessoa. Nuno Brito optou por n\u00e3o colocar qualquer legenda associada ao registo.<\/p>\n<p>Contactado pela SELFIE, Nuno Brito confirma que est\u00e1 apaixonado. &#8220;\u00c9 algu\u00e9m que apareceu na minha vida, que me tem acompanhado incondicionalmente&#8230; Partilhamos um carinho enorme um pelo outro e temos passado momentos incr\u00edveis juntos. A nossa rela\u00e7\u00e3o est\u00e1 cada vez melhor e estamos, a cada dia que passa, mais unidos&#8221;, afirma o ex-participante do reality show da <a href=\"https:\/\/tvi.iol.pt\/\" target=\"_blank\" rel=\"nofollow noopener\">TVI<\/a>, em declara\u00e7\u00f5es exclusivas, confirmando o \u00f3bvio: &#8220;Esta \u00e9 a minha namorada.&#8221;<\/p>\n<p>Veja, agora, nas galerias que prepar\u00e1mos para si, as melhores imagens de <a href=\"https:\/\/selfie.iol.pt\/famosos\/big-brother\/nuno-brito-submete-se-a-botox-e-esta-com-o-rosto-diferente-veja-as-primeiras-fotos\/20250712\/6872545bd34e3f0baea06d58\" target=\"_blank\" rel=\"nofollow noopener\">Nuno Brito<\/a>.<\/p>\n<p style=\"text-align:center\"><img loading=\"lazy\" decoding=\"async\" alt=\"\" height=\"899\" src=\"https:\/\/www.europesays.com\/pt\/wp-content\/uploads\/2025\/09\/68b74fa8d34e3f0baea24700.webp\" width=\"500\"\/><\/p>\n<p>\u00a0<\/p>\n","protected":false},"excerpt":{"rendered":"Nuno Brito reencontrou o amor e j\u00e1 n\u00e3o esconde a cumplicidade com uma mulher cuja identidade, para j\u00e1,&hellip;\n","protected":false},"author":2,"featured_media":57161,"comment_status":"","ping_status":"","sticky":false,"template":"","format":"standard","meta":{"footnotes":""},"categories":[145],"tags":[6308,6812,48,6810,211,210,114,115,741,6309,4763,980,1015,619,8115,1017,6915,32,33,1014,5870,1012,162],"class_list":{"0":"post-57160","1":"post","2":"type-post","3":"status-publish","4":"format-standard","5":"has-post-thumbnail","7":"category-celebridades","8":"tag-bb","9":"tag-bb2025","10":"tag-big-brother","11":"tag-big-brother-2025","12":"tag-celebridades","13":"tag-celebrities","14":"tag-entertainment","15":"tag-entretenimento","16":"tag-entrevista","17":"tag-ex-concorrente","18":"tag-exclusivo","19":"tag-famosos","20":"tag-instagram","21":"tag-nacional","22":"tag-namorada","23":"tag-namoro","24":"tag-nuno-brito","25":"tag-portugal","26":"tag-pt","27":"tag-reality-show","28":"tag-relacao","29":"tag-selfie","30":"tag-tvi"},"share_on_mastodon":{"url":"","error":""},"_links":{"self":[{"href":"https:\/\/www.europesays.com\/pt\/wp-json\/wp\/v2\/posts\/57160","targetHints":{"allow":["GET"]}}],"collection":[{"href":"https:\/\/www.europesays.com\/pt\/wp-json\/wp\/v2\/posts"}],"about":[{"href":"https:\/\/www.europesays.com\/pt\/wp-json\/wp\/v2\/types\/post"}],"author":[{"embeddable":true,"href":"https:\/\/www.europesays.com\/pt\/wp-json\/wp\/v2\/users\/2"}],"replies":[{"embeddable":true,"href":"https:\/\/www.europesays.com\/pt\/wp-json\/wp\/v2\/comments?post=57160"}],"version-history":[{"count":0,"href":"https:\/\/www.europesays.com\/pt\/wp-json\/wp\/v2\/posts\/57160\/revisions"}],"wp:featuredmedia":[{"embeddable":true,"href":"https:\/\/www.europesays.com\/pt\/wp-json\/wp\/v2\/media\/57161"}],"wp:attachment":[{"href":"https:\/\/www.europesays.com\/pt\/wp-json\/wp\/v2\/media?parent=57160"}],"wp:term":[{"taxonomy":"category","embeddable":true,"href":"https:\/\/www.europesays.com\/pt\/wp-json\/wp\/v2\/categories?post=57160"},{"taxonomy":"post_tag","embeddable":true,"href":"https:\/\/www.europesays.com\/pt\/wp-json\/wp\/v2\/tags?post=57160"}],"curies":[{"name":"wp","href":"https:\/\/api.w.org\/{rel}","templated":true}]}}