{"id":57219,"date":"2025-09-03T14:46:17","date_gmt":"2025-09-03T14:46:17","guid":{"rendered":"https:\/\/www.europesays.com\/pt\/57219\/"},"modified":"2025-09-03T14:46:17","modified_gmt":"2025-09-03T14:46:17","slug":"jihadista-condenado-e-preso-por-terrorismo-em-espanha-afinal-era-espiao-contratado-pelo-servicos-secretos-da-dinamarca","status":"publish","type":"post","link":"https:\/\/www.europesays.com\/pt\/57219\/","title":{"rendered":"&#8216;Jihadista&#8217; condenado e preso por terrorismo em Espanha afinal era espi\u00e3o contratado pelo servi\u00e7os secretos da Dinamarca"},"content":{"rendered":"<p>  <a href=\"https:\/\/www.euromaster.pt\/\" target=\"_blank\" rel=\"noopener noreferrer nofollow\">&#13;<br \/>\n    <img decoding=\"async\" src=\"https:\/\/www.europesays.com\/pt\/wp-content\/uploads\/2025\/09\/1756834208_31_Automonitor_900x150-1.jpg\" alt=\"Euromaster\" style=\"max-width: 900px; width: 100%; height: auto; display: block; margin: 0 auto;\"\/>&#13;<br \/>\n  <\/a><\/p>\n<p>O Tribunal Supremo da Dinamarca decidiu esta ter\u00e7a-feira reconhecer que Ahmed Samsam, cidad\u00e3o dinamarqu\u00eas de 35 anos condenado por terrorismo em Espanha, trabalhou efetivamente como agente encoberto ao servi\u00e7o dos servi\u00e7os de intelig\u00eancia do pa\u00eds. A senten\u00e7a p\u00f5e termo a anos de nega\u00e7\u00e3o oficial e abre caminho para que o caso possa ser reavaliado pela justi\u00e7a espanhola.<\/p>\n<p>Samsam foi detido em M\u00e1laga em 2017 e condenado em 2018 pela Audi\u00eancia Nacional espanhola por crimes de terrorismo, ap\u00f3s viagens a S\u00edria entre 2012 e 2014. A acusa\u00e7\u00e3o sustentava que tinha combatido ao lado de uma organiza\u00e7\u00e3o ligada ao Estado Isl\u00e2mico (ISIS) e que difundira propaganda jihadista. No entanto, desde a primeira hora o arguido alegou que estava em miss\u00e3o para os servi\u00e7os secretos dinamarqueses \u2014 o Servi\u00e7o de Seguran\u00e7a e Informa\u00e7\u00e3o (PET) e o Servi\u00e7o de Intelig\u00eancia Militar (FE).<\/p>\n<p>Reconhecimento oficial ap\u00f3s seis anos de pris\u00e3o<\/p>\n<p>Apesar de ter cumprido seis anos de pris\u00e3o \u2014 entre 2018 e 2020 em Le\u00f3n e posteriormente na Dinamarca at\u00e9 2023 \u2014, os servi\u00e7os secretos nunca tinham confirmado a sua vers\u00e3o. Isso mudou com a decis\u00e3o do Supremo, que obriga as ag\u00eancias a reconhecerem que Samsam foi de facto seu colaborador e recebeu dinheiro em troca de informa\u00e7\u00f5es.<\/p>\n<p>Num comunicado divulgado ap\u00f3s o veredito, Michael Hamann, porta-voz do PET, declarou: \u201cTemos em conta o veredito e, neste contexto, podemos confirmar que o PET e o FE colaboraram com Ahmed Samsam entre 2013 e 2014\u201d.<\/p>\n<p>Provas jornal\u00edsticas anteciparam revela\u00e7\u00e3o<\/p>\n<p>O reconhecimento vem na sequ\u00eancia de v\u00e1rias investiga\u00e7\u00f5es jornal\u00edsticas da televis\u00e3o p\u00fablica dinamarquesa DR e do jornal Berlingske, que desde 2020 publicaram provas de que Samsam tinha recebido treino, equipamento e pagamentos para as suas desloca\u00e7\u00f5es \u00e0 S\u00edria.<\/p>\n<p>A DR chegou a divulgar \u00e1udios do antigo chefe de fontes do PET, onde se confirmava que Samsam era informador. Tamb\u00e9m relatou que, j\u00e1 depois de detido, agentes do servi\u00e7o secreto lhe entregaram um maletim com 10 mil coroas (cerca de 1340 euros), assegurando-lhe que estavam a fazer \u201ctudo o poss\u00edvel\u201d para o tirar da pris\u00e3o.<\/p>\n<p>Defesa alega erro judicial em Espanha<\/p>\n<p>O advogado de Samsam, Ren\u00e9 Offerson, afirmou \u00e0 ag\u00eancia AFP que a decis\u00e3o \u00e9 uma vit\u00f3ria decisiva: \u201cEsta senten\u00e7a favor\u00e1vel do Tribunal Supremo permitir-lhe-\u00e1, entre outras coisas, solicitar um novo julgamento no caso penal que se resolveu em Espanha\u201d.<\/p>\n<p>Na Audi\u00eancia Nacional espanhola, a acusa\u00e7\u00e3o baseou-se em v\u00eddeos do YouTube com propaganda violenta, fotografias suas com armas e relatos de viagens suspeitas a M\u00e1laga. Contudo, investiga\u00e7\u00f5es posteriores conclu\u00edram que o tribunal espanhol ter\u00e1 confundido o grupo rebelde s\u00edrio em que Samsam participou com uma organiza\u00e7\u00e3o xiita do Iraque considerada mais perigosa.<\/p>\n<p>Sil\u00eancio pol\u00edtico e cr\u00edticas ao governo dinamarqu\u00eas<\/p>\n<p>Durante anos, o governo social-democrata da Dinamarca rejeitou pedidos no parlamento para abrir um inqu\u00e9rito oficial ao caso, alegando raz\u00f5es de seguran\u00e7a nacional. Os advogados de defesa lembraram repetidamente que os servi\u00e7os de intelig\u00eancia se recusavam a confirmar a identidade das suas fontes, argumentando que tal \u201ccomprometeria a capacidade de prevenir o terrorismo\u201d, como explicou em tribunal o jurista Peter Biering em 2023.<\/p>\n<p>Com a decis\u00e3o do Supremo, a press\u00e3o pol\u00edtica sobre o executivo dinamarqu\u00eas dever\u00e1 aumentar, j\u00e1 que a senten\u00e7a valida a tese de que Samsam foi injustamente condenado em Espanha.<\/p>\n","protected":false},"excerpt":{"rendered":"&#13; &#13; O Tribunal Supremo da Dinamarca decidiu esta ter\u00e7a-feira reconhecer que Ahmed Samsam, cidad\u00e3o dinamarqu\u00eas de 35&hellip;\n","protected":false},"author":2,"featured_media":57220,"comment_status":"","ping_status":"","sticky":false,"template":"","format":"standard","meta":{"footnotes":""},"categories":[50],"tags":[27,28,15,16,14,25,26,21,22,62,12,13,19,20,23,24,17,18,29,30,31,63,64,65],"class_list":{"0":"post-57219","1":"post","2":"type-post","3":"status-publish","4":"format-standard","5":"has-post-thumbnail","7":"category-mundo","8":"tag-breaking-news","9":"tag-breakingnews","10":"tag-featured-news","11":"tag-featurednews","12":"tag-headlines","13":"tag-latest-news","14":"tag-latestnews","15":"tag-main-news","16":"tag-mainnews","17":"tag-mundo","18":"tag-news","19":"tag-noticias","20":"tag-noticias-principais","21":"tag-noticiasprincipais","22":"tag-principais-noticias","23":"tag-principaisnoticias","24":"tag-top-stories","25":"tag-topstories","26":"tag-ultimas","27":"tag-ultimas-noticias","28":"tag-ultimasnoticias","29":"tag-world","30":"tag-world-news","31":"tag-worldnews"},"share_on_mastodon":{"url":"","error":""},"_links":{"self":[{"href":"https:\/\/www.europesays.com\/pt\/wp-json\/wp\/v2\/posts\/57219","targetHints":{"allow":["GET"]}}],"collection":[{"href":"https:\/\/www.europesays.com\/pt\/wp-json\/wp\/v2\/posts"}],"about":[{"href":"https:\/\/www.europesays.com\/pt\/wp-json\/wp\/v2\/types\/post"}],"author":[{"embeddable":true,"href":"https:\/\/www.europesays.com\/pt\/wp-json\/wp\/v2\/users\/2"}],"replies":[{"embeddable":true,"href":"https:\/\/www.europesays.com\/pt\/wp-json\/wp\/v2\/comments?post=57219"}],"version-history":[{"count":0,"href":"https:\/\/www.europesays.com\/pt\/wp-json\/wp\/v2\/posts\/57219\/revisions"}],"wp:featuredmedia":[{"embeddable":true,"href":"https:\/\/www.europesays.com\/pt\/wp-json\/wp\/v2\/media\/57220"}],"wp:attachment":[{"href":"https:\/\/www.europesays.com\/pt\/wp-json\/wp\/v2\/media?parent=57219"}],"wp:term":[{"taxonomy":"category","embeddable":true,"href":"https:\/\/www.europesays.com\/pt\/wp-json\/wp\/v2\/categories?post=57219"},{"taxonomy":"post_tag","embeddable":true,"href":"https:\/\/www.europesays.com\/pt\/wp-json\/wp\/v2\/tags?post=57219"}],"curies":[{"name":"wp","href":"https:\/\/api.w.org\/{rel}","templated":true}]}}