{"id":57297,"date":"2025-09-03T15:55:14","date_gmt":"2025-09-03T15:55:14","guid":{"rendered":"https:\/\/www.europesays.com\/pt\/57297\/"},"modified":"2025-09-03T15:55:14","modified_gmt":"2025-09-03T15:55:14","slug":"outrora-rei-dos-mares-o-maior-icebergue-do-mundo-esta-a-desfazer-se","status":"publish","type":"post","link":"https:\/\/www.europesays.com\/pt\/57297\/","title":{"rendered":"Outrora rei dos mares, o maior icebergue do Mundo est\u00e1 a desfazer-se"},"content":{"rendered":"<p>No in\u00edcio deste ano, o A23a, apelidado de &#8220;megabergue&#8221;, pesava pouco menos de um bili\u00e3o de toneladas com uma \u00e1rea de mais do dobro do tamanho da Grande Londres, chegando mesmo a amea\u00e7ar temporariamente as zonas de alimenta\u00e7\u00e3o de pinguins numa ilha remota do Atl\u00e2ntico Sul. Atualmente, o icebergue tem menos de metade do tamanho original, mas ainda cobre 1770 quil\u00f3metros quadrados, segundo imagens de sat\u00e9lite analisadas pela AFP em colabora\u00e7\u00e3o com o observat\u00f3rio europeu Copernicus.<\/p>\n<p data-remotead-prev-elm=\"true\" data-remotead-elm-id=\"inread\">Nas \u00faltimas semanas, fragmentos do A23a, com cerca de 400 quil\u00f3metros quadrados, t\u00eam-se dividido e espalhado pelo oceano, o que pode representar um perigo \u00e0 navega\u00e7\u00e3o.<\/p>\n<p>Segundo o ocean\u00f3grafo f\u00edsico Andrew Meijers, do jornal brit\u00e2nico &#8220;British Antarctic Survey&#8221;, em declara\u00e7\u00f5es \u00e0 AFP, o A23a est\u00e1 a &#8220;fragmentar-se de forma dram\u00e1tica&#8221; enquanto deriva para norte. Acrescenta ainda que a base da estrutura est\u00e1 a degradar-se em contacto com as \u00e1guas mais quentes, e a derreter continuamente. Estima-se que o processo prossiga nas pr\u00f3ximas semanas, at\u00e9 que o A23a deixe de ser identific\u00e1vel.<\/p>\n<p data-remotead-prev-elm=\"true\" data-remotead-elm-id=\"centro1\">Formado em 1986, depois de se separar da plataforma de gelo da Ant\u00e1rtida, o icebergue acabou por ficar preso no mar de Weddel, onde permaneceu no fundo do oceano durante mais de tr\u00eas d\u00e9cadas. Em 2020 libertou-se e tem seguido para norte ao longo da regi\u00e3o conhecida como &#8220;corredor dos icebergues&#8221;.<\/p>\n<p>No in\u00edcio de 2024, o A23a voltou a parar em \u00e1guas pouco profundas das Ilhas da Ge\u00f3rgia do Sul, levantando receios de que a sua presen\u00e7a dificultasse a alimenta\u00e7\u00e3o de col\u00f3nias locais de pinguins e focas at\u00e9 se mover para norte no fim de maio. \u00c0 medida que se desloca para norte, o icebergue come\u00e7ou a ser exposto a \u00e1guas progressivamente mais quentes e enfrenta ondas mais intensas, condi\u00e7\u00f5es que aceleraram a desintegra\u00e7\u00e3o.<\/p>\n<p data-remotead-prev-elm=\"true\" data-remotead-elm-id=\"centro2\">&#8220;Maior parte dos icebergues n\u00e3o chega t\u00e3o longe. Este \u00e9 um bastante grande e durou mais e foi mais longe&#8221;, diz Meijers enquanto sublinha que os investigadores ficam &#8220;surpreendidos&#8221; com a situa\u00e7\u00e3o. O cientista acrescenta que os icebergues est\u00e3o &#8220;condenados&#8221;, caso se afastem da prote\u00e7\u00e3o gelada da Ant\u00e1rtica.<\/p>\n<p>Embora a fragmenta\u00e7\u00e3o seja parte de um processo natural, especialistas apontam que este fen\u00f3meno ocorre a um ritmo acelerado, provavelmente devido \u00e0s mudan\u00e7as clim\u00e1ticas causadas pelo ser humano.<\/p>\n","protected":false},"excerpt":{"rendered":"No in\u00edcio deste ano, o A23a, apelidado de &#8220;megabergue&#8221;, pesava pouco menos de um bili\u00e3o de toneladas com&hellip;\n","protected":false},"author":2,"featured_media":57298,"comment_status":"","ping_status":"","sticky":false,"template":"","format":"standard","meta":{"footnotes":""},"categories":[50],"tags":[27,28,15,16,14,25,26,21,22,62,12,13,19,20,23,24,17,18,29,30,31,63,64,65],"class_list":{"0":"post-57297","1":"post","2":"type-post","3":"status-publish","4":"format-standard","5":"has-post-thumbnail","7":"category-mundo","8":"tag-breaking-news","9":"tag-breakingnews","10":"tag-featured-news","11":"tag-featurednews","12":"tag-headlines","13":"tag-latest-news","14":"tag-latestnews","15":"tag-main-news","16":"tag-mainnews","17":"tag-mundo","18":"tag-news","19":"tag-noticias","20":"tag-noticias-principais","21":"tag-noticiasprincipais","22":"tag-principais-noticias","23":"tag-principaisnoticias","24":"tag-top-stories","25":"tag-topstories","26":"tag-ultimas","27":"tag-ultimas-noticias","28":"tag-ultimasnoticias","29":"tag-world","30":"tag-world-news","31":"tag-worldnews"},"share_on_mastodon":{"url":"","error":""},"_links":{"self":[{"href":"https:\/\/www.europesays.com\/pt\/wp-json\/wp\/v2\/posts\/57297","targetHints":{"allow":["GET"]}}],"collection":[{"href":"https:\/\/www.europesays.com\/pt\/wp-json\/wp\/v2\/posts"}],"about":[{"href":"https:\/\/www.europesays.com\/pt\/wp-json\/wp\/v2\/types\/post"}],"author":[{"embeddable":true,"href":"https:\/\/www.europesays.com\/pt\/wp-json\/wp\/v2\/users\/2"}],"replies":[{"embeddable":true,"href":"https:\/\/www.europesays.com\/pt\/wp-json\/wp\/v2\/comments?post=57297"}],"version-history":[{"count":0,"href":"https:\/\/www.europesays.com\/pt\/wp-json\/wp\/v2\/posts\/57297\/revisions"}],"wp:featuredmedia":[{"embeddable":true,"href":"https:\/\/www.europesays.com\/pt\/wp-json\/wp\/v2\/media\/57298"}],"wp:attachment":[{"href":"https:\/\/www.europesays.com\/pt\/wp-json\/wp\/v2\/media?parent=57297"}],"wp:term":[{"taxonomy":"category","embeddable":true,"href":"https:\/\/www.europesays.com\/pt\/wp-json\/wp\/v2\/categories?post=57297"},{"taxonomy":"post_tag","embeddable":true,"href":"https:\/\/www.europesays.com\/pt\/wp-json\/wp\/v2\/tags?post=57297"}],"curies":[{"name":"wp","href":"https:\/\/api.w.org\/{rel}","templated":true}]}}