{"id":57303,"date":"2025-09-03T15:58:09","date_gmt":"2025-09-03T15:58:09","guid":{"rendered":"https:\/\/www.europesays.com\/pt\/57303\/"},"modified":"2025-09-03T15:58:09","modified_gmt":"2025-09-03T15:58:09","slug":"gominho-tem-presente-de-preta-gil-furtado-e-se-revolta","status":"publish","type":"post","link":"https:\/\/www.europesays.com\/pt\/57303\/","title":{"rendered":"Gominho tem presente de Preta Gil furtado e se revolta"},"content":{"rendered":"<p data-start=\"148\" data-end=\"521\">O apresentador <strong><a href=\"https:\/\/www.correiobraziliense.com.br\/colunistas\/mariana-morais\/2025\/08\/7224466-vidente-preve-fase-critica-de-gominho-apos-perder-preta-gil.html\" target=\"_blank\" rel=\"nofollow noopener\">Gominho <\/a><\/strong>usou as redes sociais para relatar um epis\u00f3dio desagrad\u00e1vel que viveu no \u00faltimo domingo (31), em Salvador. Enquanto comandava o evento &#8220;Samba Astral&#8221;, no bairro do Santo Ant\u00f4nio, o ex-Fazenda teve um \u00f3culos da grife Gucci furtado.<\/p>\n<p data-start=\"148\" data-end=\"521\">A pe\u00e7a tinha valor afetivo especial, j\u00e1 que havia sido presenteada por Preta Gil, que faleceu em julho deste ano. Em publica\u00e7\u00e3o no X, antigo Twitter, o comunicador reagiu com serenidade diante do ocorrido.<\/p>\n<p data-start=\"148\" data-end=\"521\">&#8220;Quem pegou meu \u00f3culos da Gucci que Preta me deu 3 anos atr\u00e1s hoje no Samba, fa\u00e7a bom proveito! N\u00e3o sou apegado \u00e0s coisas e na vida a gente \u00e9 o que a gente faz!!&#8221;, escreveu.<\/p>\n<p data-start=\"792\" data-end=\"1100\">Nos coment\u00e1rios, internautas se surpreenderam com a tranquilidade de <strong><a href=\"https:\/\/x.com\/Gominho\/status\/1962345093353877821\" target=\"_blank\" rel=\"nofollow\">Gominho<\/a><\/strong>. &#8220;N\u00e3o sei se eu teria a mesma evolu\u00e7\u00e3o kkkkkk&#8221;, comentou um usu\u00e1rio.<\/p>\n<p data-start=\"792\" data-end=\"1100\">O apresentador, ent\u00e3o, respondeu: &#8220;Amor, depois de perder uma amiga irm\u00e3 para um c\u00e2ncer, n\u00e3o vai ser um \u00f3culos que vai me desequilibrar hahahahhahahaa mesmoan&#8221;.<\/p>\n<p class=\"texto\">\u00a0<\/p>\n<p class=\"texto\">\u00a0<\/p>\n<p class=\"texto\">\u00a0<\/p>\n<blockquote class=\"twitter-tweet\"><p>&#13;<\/p>\n<p dir=\"ltr\" lang=\"pt\">Quem pegou meu \u00f3culos da Gucci que preta me deu 3 anos atras hoje no Samba, fa\u00e7a bom proveito! N\u00e3o sou apegado as coisas e na vida a gente \u00e9 o que a gente faz!! <a href=\"https:\/\/t.co\/OIe6KNfftE\" rel=\"nofollow\">pic.twitter.com\/OIe6KNfftE<\/a><\/p>\n<p>&#13;<br \/>\n\u2014 ??????????? (@Gominho) <a href=\"https:\/\/twitter.com\/Gominho\/status\/1962345093353877821?ref_src=twsrc%5Etfw\" rel=\"nofollow noopener\" target=\"_blank\">September 1, 2025<\/a><\/p><\/blockquote>\n<p>                            <a href=\"https:\/\/www.correiobraziliense.com.br\/autor\/correio-braziliense\/page\/1\/\" style=\"height: 100%;\" rel=\"nofollow noopener\" target=\"_blank\"><img decoding=\"async\" class=\"hidden-print author-circle d-block h6 mt-0 mb-0 mr-6 text-center\" src=\"https:\/\/www.europesays.com\/pt\/wp-content\/uploads\/2025\/08\/logo_800x800-32298422.png\" alt=\"\" width=\"40\" height=\"40\" loading=\"lazy\" style=\"object-fit:cover; width: 40px; height: 40px; margin-right:10px;\"\/><\/a><a href=\"https:\/\/www.correiobraziliense.com.br\/autor\/correio-braziliense\/page\/1\/\" rel=\"nofollow noopener\" target=\"_blank\"><img decoding=\"async\" class=\"hidden-print author-circle d-block h6 mt-0 mb-0 mr-6 text-center\" src=\"https:\/\/www.europesays.com\/pt\/wp-content\/uploads\/2025\/08\/logo_800x800-32298422.png\" alt=\"\" width=\"40\" height=\"40\" loading=\"lazy\" style=\"object-fit:cover; width: 40px; height: 40px; margin-right:10px;\"\/><\/a><\/p>\n<p>                          <script async src=\"https:\/\/platform.twitter.com\/widgets.js\" charset=\"utf-8\"><\/script><\/p>\n","protected":false},"excerpt":{"rendered":"O apresentador Gominho usou as redes sociais para relatar um epis\u00f3dio desagrad\u00e1vel que viveu no \u00faltimo domingo (31),&hellip;\n","protected":false},"author":2,"featured_media":57304,"comment_status":"","ping_status":"","sticky":false,"template":"","format":"standard","meta":{"footnotes":""},"categories":[145],"tags":[211,210,114,115,32,862,33],"class_list":{"0":"post-57303","1":"post","2":"type-post","3":"status-publish","4":"format-standard","5":"has-post-thumbnail","7":"category-celebridades","8":"tag-celebridades","9":"tag-celebrities","10":"tag-entertainment","11":"tag-entretenimento","12":"tag-portugal","13":"tag-preta-gil","14":"tag-pt"},"share_on_mastodon":{"url":"","error":""},"_links":{"self":[{"href":"https:\/\/www.europesays.com\/pt\/wp-json\/wp\/v2\/posts\/57303","targetHints":{"allow":["GET"]}}],"collection":[{"href":"https:\/\/www.europesays.com\/pt\/wp-json\/wp\/v2\/posts"}],"about":[{"href":"https:\/\/www.europesays.com\/pt\/wp-json\/wp\/v2\/types\/post"}],"author":[{"embeddable":true,"href":"https:\/\/www.europesays.com\/pt\/wp-json\/wp\/v2\/users\/2"}],"replies":[{"embeddable":true,"href":"https:\/\/www.europesays.com\/pt\/wp-json\/wp\/v2\/comments?post=57303"}],"version-history":[{"count":0,"href":"https:\/\/www.europesays.com\/pt\/wp-json\/wp\/v2\/posts\/57303\/revisions"}],"wp:featuredmedia":[{"embeddable":true,"href":"https:\/\/www.europesays.com\/pt\/wp-json\/wp\/v2\/media\/57304"}],"wp:attachment":[{"href":"https:\/\/www.europesays.com\/pt\/wp-json\/wp\/v2\/media?parent=57303"}],"wp:term":[{"taxonomy":"category","embeddable":true,"href":"https:\/\/www.europesays.com\/pt\/wp-json\/wp\/v2\/categories?post=57303"},{"taxonomy":"post_tag","embeddable":true,"href":"https:\/\/www.europesays.com\/pt\/wp-json\/wp\/v2\/tags?post=57303"}],"curies":[{"name":"wp","href":"https:\/\/api.w.org\/{rel}","templated":true}]}}