{"id":57318,"date":"2025-09-03T16:10:24","date_gmt":"2025-09-03T16:10:24","guid":{"rendered":"https:\/\/www.europesays.com\/pt\/57318\/"},"modified":"2025-09-03T16:10:24","modified_gmt":"2025-09-03T16:10:24","slug":"termometros-voltam-a-subir-hoje-mas-a-chuva-ja-espreita-saiba-as-temperaturas-da-sua-cidade","status":"publish","type":"post","link":"https:\/\/www.europesays.com\/pt\/57318\/","title":{"rendered":"Term\u00f3metros voltam a subir hoje&#8230; mas a chuva j\u00e1 espreita: saiba as temperaturas da sua cidade"},"content":{"rendered":"<p>  <a href=\"https:\/\/www.euromaster.pt\/\" target=\"_blank\" rel=\"noopener noreferrer nofollow\">&#13;<br \/>\n    <img decoding=\"async\" src=\"https:\/\/www.europesays.com\/pt\/wp-content\/uploads\/2025\/09\/1756834208_31_Automonitor_900x150-1.jpg\" alt=\"Euromaster\" style=\"max-width: 900px; width: 100%; height: auto; display: block; margin: 0 auto;\"\/>&#13;<br \/>\n  <\/a><\/p>\n<p>Esta ter\u00e7a-feira conte com uma pequena subida da temperatura, embora ainda n\u00e3o muito significativa: no entanto, de acordo com os especialistas do \u2018LusoMeteo\u2019, este \u00e9 o primeiro sinal de nova mudan\u00e7a no estado do tempo, que poder\u00e1 ser o in\u00edcio de uma altera\u00e7\u00e3o ainda mais marcante. <\/p>\n<p>Para esta semana, recorde-se, o estado do tempo vai apresentar \u2018duas caras\u2019: tempo mais h\u00famido na primeira metade da semana, tempo mais seco na segunda metade, al\u00e9m de uma subida das temperaturas. Para hoje, poder\u00e1 mesmo cair chuva fraca em algumas regi\u00f5es de Portugal continental, em especial no Minho e no Douro Litoral. N\u00e3o ser\u00e1 muita chuva, isso \u00e9 certo, mas um pouco mais do que um chuvisco. Desde meados de maio que h\u00e1 locais de Portugal que n\u00e3o veem uma gota de chuva.<\/p>\n<p>De acordo com o IPMA \u2013 Instituto Portugu\u00eas do Mar e da Atmosfera -, para esta ter\u00e7a-feira conte com as seguintes previs\u00f5es:<\/p>\n<p>Nas regi\u00f5es Norte e Centro, \u201cc\u00e9u muito nublado, apresentando-se geralmente pouco nublado no interior a sul da serra da Estrela, e diminuindo gradualmente de nebulosidade no interior a partir do meio da tarde\u201d e \u201cper\u00edodos de chuva fraca ou chuvisco, exceto no interior a sul da serra da Estrela, mais frequentes at\u00e9 final da tarde e no Minho, onde ser\u00e1 por vezes moderada\u201d. Por \u00faltimo, uma \u201cpequena subida da temperatura m\u00e1xima\u201d.<\/p>\n<p>Se vive na regi\u00e3o Sul de Portugal Continental, espere \u201cc\u00e9u pouco nublado, aumentando temporariamente de nebulosidade no litoral oeste entre o in\u00edcio da manh\u00e3 e o meio da tarde\u201d, al\u00e9m de \u201cvento fraco a moderado (at\u00e9 30 km\/h) de norte\/noroeste, sendo sudoeste na costa sul do Algarve durante a tarde, e soprando por vezes forte (at\u00e9 40 km\/h) nas serras at\u00e9 final da manh\u00e3 e no final do dia\u201d. Por \u00faltimo, uma \u201cpequena subida da temperatura m\u00e1xima\u201d.<\/p>\n<p>Que reflexos se vai sentir esta ter\u00e7a-feira nos term\u00f3metros nas principais cidades portuguesas?<\/p>\n<p>Viana do Castelo \u2013 entre 15 e 21 graus<br \/>Braga \u2013 entre 14 e 23 graus<br \/>Bragan\u00e7a \u2013 entre 10 e 22 graus<br \/>Vila Real \u2013 entre 11 e 23 graus<br \/>Porto \u2013 entre 15 e 22 graus<br \/>Aveiro \u2013 entre 15 e 25 graus<br \/>Viseu \u2013 entre 10 e 21 graus<br \/>Guarda \u2013 entre 8 e 20 graus<br \/>Castelo Branco \u2013 entre 11 e 29 graus<br \/>Coimbra \u2013 entre 13 e 26 graus<br \/>Leiria \u2013 entre 12 e 25 graus<br \/>Santar\u00e9m \u2013 entre 15 e 28 graus<br \/>Portalegre \u2013 entre 12 e 28 graus<br \/>Lisboa \u2013 entre 16 e 28 graus<br \/>Set\u00fabal \u2013 entre 14 e 28 graus<br \/>\u00c9vora \u2013 entre 13 e 30 graus<br \/>Beja \u2013 entre 13 e 29 graus<br \/>Faro \u2013 entre 17 e 28 graus<br \/>Funchal \u2013 entre 21 e 26 graus<br \/>Ponta Delgada \u2013 entre 20 e 25 graus.    <\/p>\n","protected":false},"excerpt":{"rendered":"&#13; &#13; Esta ter\u00e7a-feira conte com uma pequena subida da temperatura, embora ainda n\u00e3o muito significativa: no entanto,&hellip;\n","protected":false},"author":2,"featured_media":57319,"comment_status":"","ping_status":"","sticky":false,"template":"","format":"standard","meta":{"footnotes":""},"categories":[10],"tags":[27,28,15,16,14,25,26,21,22,12,13,19,20,32,23,24,33,17,18,29,30,31],"class_list":{"0":"post-57318","1":"post","2":"type-post","3":"status-publish","4":"format-standard","5":"has-post-thumbnail","7":"category-portugal","8":"tag-breaking-news","9":"tag-breakingnews","10":"tag-featured-news","11":"tag-featurednews","12":"tag-headlines","13":"tag-latest-news","14":"tag-latestnews","15":"tag-main-news","16":"tag-mainnews","17":"tag-news","18":"tag-noticias","19":"tag-noticias-principais","20":"tag-noticiasprincipais","21":"tag-portugal","22":"tag-principais-noticias","23":"tag-principaisnoticias","24":"tag-pt","25":"tag-top-stories","26":"tag-topstories","27":"tag-ultimas","28":"tag-ultimas-noticias","29":"tag-ultimasnoticias"},"share_on_mastodon":{"url":"","error":""},"_links":{"self":[{"href":"https:\/\/www.europesays.com\/pt\/wp-json\/wp\/v2\/posts\/57318","targetHints":{"allow":["GET"]}}],"collection":[{"href":"https:\/\/www.europesays.com\/pt\/wp-json\/wp\/v2\/posts"}],"about":[{"href":"https:\/\/www.europesays.com\/pt\/wp-json\/wp\/v2\/types\/post"}],"author":[{"embeddable":true,"href":"https:\/\/www.europesays.com\/pt\/wp-json\/wp\/v2\/users\/2"}],"replies":[{"embeddable":true,"href":"https:\/\/www.europesays.com\/pt\/wp-json\/wp\/v2\/comments?post=57318"}],"version-history":[{"count":0,"href":"https:\/\/www.europesays.com\/pt\/wp-json\/wp\/v2\/posts\/57318\/revisions"}],"wp:featuredmedia":[{"embeddable":true,"href":"https:\/\/www.europesays.com\/pt\/wp-json\/wp\/v2\/media\/57319"}],"wp:attachment":[{"href":"https:\/\/www.europesays.com\/pt\/wp-json\/wp\/v2\/media?parent=57318"}],"wp:term":[{"taxonomy":"category","embeddable":true,"href":"https:\/\/www.europesays.com\/pt\/wp-json\/wp\/v2\/categories?post=57318"},{"taxonomy":"post_tag","embeddable":true,"href":"https:\/\/www.europesays.com\/pt\/wp-json\/wp\/v2\/tags?post=57318"}],"curies":[{"name":"wp","href":"https:\/\/api.w.org\/{rel}","templated":true}]}}