{"id":57399,"date":"2025-09-03T17:08:11","date_gmt":"2025-09-03T17:08:11","guid":{"rendered":"https:\/\/www.europesays.com\/pt\/57399\/"},"modified":"2025-09-03T17:08:11","modified_gmt":"2025-09-03T17:08:11","slug":"luan-pereira-posta-dancinha-com-wanessa-e-seguidores-provocam-esse-video-tem-dado-o-que-falar-celebridades","status":"publish","type":"post","link":"https:\/\/www.europesays.com\/pt\/57399\/","title":{"rendered":"Luan Pereira posta dancinha com Wanessa e seguidores provocam: &#8216;Esse v\u00eddeo tem &#8216;Dado&#8217; o que falar&#8217; | Celebridades"},"content":{"rendered":"<p>                                        Luan Pereira grava dancinha com Wanessa &#8211; Reprodu\u00e7\u00e3o\/Instagram<\/p>\n<p class=\"content-media__description\">Luan Pereira grava dancinha com WanessaReprodu\u00e7\u00e3o\/Instagram<\/p>\n<p>                                                        Publicado 03\/09\/2025 08:25 | Atualizado 03\/09\/2025 08:30\n                    <\/p>\n<p>Rio &#8211; Luan Pereira provou que, apesar da treta que rolou entre ele e Dado Dolabella em uma festa da &#8220;Dan\u00e7a dos Famosos&#8221;, o clima com Wanessa Camargo est\u00e1 bem e descontra\u00eddo. O cantor postou um v\u00eddeo dan\u00e7ando seu sucesso &#8220;Voc\u00ea e Sua Amiguinha&#8221; com a artista e os seguidores provocaram nos coment\u00e1rios, citando o ex-namorado dela, nesta ter\u00e7a-feira (2).<\/p>\n<p>&#8220;Ainda t\u00f4 aprendendo as dancinhas kkkk. Mas at\u00e9 que fui bem, n\u00e9? Amei&#8221;, comentou Wanessa na publica\u00e7\u00e3o.\u00a0<\/p>\n<p>&#8220;Eu tinha DADO um tempo dessa m\u00fasica, mas ela tem DADO tanto certo que merece o top 1&#8221;, brincou o influenciador Ga\u00facho da Neve.\u00a0&#8220;Esse v\u00eddeo tem DADO o que falar viu\u2026&#8221;, comentou mais um seguidor. &#8220;Se o Dado perguntar C\u00ea fala que t\u00e1 com o Luan&#8221;, provocou mais uma internauta.<\/p>\n<p><strong>Relembre a confus\u00e3o<\/strong><\/p>\n<p>Durante uma confraterniza\u00e7\u00e3o do elenco da &#8220;Dan\u00e7a dos Famosos&#8221;, no dia 21 de agosto, na Barra da Tijuca, na Zona Oeste, Dado empurrou Luan, que teria ca\u00eddo no ch\u00e3o, ap\u00f3s achar que ele estava tentando beij\u00e1-la.<\/p>\n<p>O sertanejo fez desabafos dizendo que n\u00e3o sabia quem era o ex-namorado de Wanessa e chegou a chamar o ator de &#8216;agressor de mulher&#8217;. J\u00e1 Dado alegou que tentou apenas afastar os dois, pois achou que o cantor estaria tentando beijar \u00e0 for\u00e7a a cantora.<\/p>\n<p>O ator foi acusado de agredir a ent\u00e3o namorada, o que foi negado por ele e pela pr\u00f3pria cantora em v\u00eddeo postado nas redes sociais.<\/p>\n","protected":false},"excerpt":{"rendered":"Luan Pereira grava dancinha com Wanessa &#8211; Reprodu\u00e7\u00e3o\/Instagram Luan Pereira grava dancinha com WanessaReprodu\u00e7\u00e3o\/Instagram Publicado 03\/09\/2025 08:25 |&hellip;\n","protected":false},"author":2,"featured_media":57400,"comment_status":"","ping_status":"","sticky":false,"template":"","format":"standard","meta":{"footnotes":""},"categories":[145],"tags":[211,210,12683,114,115,12931,32,33,13044],"class_list":{"0":"post-57399","1":"post","2":"type-post","3":"status-publish","4":"format-standard","5":"has-post-thumbnail","7":"category-celebridades","8":"tag-celebridades","9":"tag-celebrities","10":"tag-dado-dolabella","11":"tag-entertainment","12":"tag-entretenimento","13":"tag-luan-pereira","14":"tag-portugal","15":"tag-pt","16":"tag-wanessa"},"share_on_mastodon":{"url":"","error":""},"_links":{"self":[{"href":"https:\/\/www.europesays.com\/pt\/wp-json\/wp\/v2\/posts\/57399","targetHints":{"allow":["GET"]}}],"collection":[{"href":"https:\/\/www.europesays.com\/pt\/wp-json\/wp\/v2\/posts"}],"about":[{"href":"https:\/\/www.europesays.com\/pt\/wp-json\/wp\/v2\/types\/post"}],"author":[{"embeddable":true,"href":"https:\/\/www.europesays.com\/pt\/wp-json\/wp\/v2\/users\/2"}],"replies":[{"embeddable":true,"href":"https:\/\/www.europesays.com\/pt\/wp-json\/wp\/v2\/comments?post=57399"}],"version-history":[{"count":0,"href":"https:\/\/www.europesays.com\/pt\/wp-json\/wp\/v2\/posts\/57399\/revisions"}],"wp:featuredmedia":[{"embeddable":true,"href":"https:\/\/www.europesays.com\/pt\/wp-json\/wp\/v2\/media\/57400"}],"wp:attachment":[{"href":"https:\/\/www.europesays.com\/pt\/wp-json\/wp\/v2\/media?parent=57399"}],"wp:term":[{"taxonomy":"category","embeddable":true,"href":"https:\/\/www.europesays.com\/pt\/wp-json\/wp\/v2\/categories?post=57399"},{"taxonomy":"post_tag","embeddable":true,"href":"https:\/\/www.europesays.com\/pt\/wp-json\/wp\/v2\/tags?post=57399"}],"curies":[{"name":"wp","href":"https:\/\/api.w.org\/{rel}","templated":true}]}}