{"id":57453,"date":"2025-09-03T17:52:08","date_gmt":"2025-09-03T17:52:08","guid":{"rendered":"https:\/\/www.europesays.com\/pt\/57453\/"},"modified":"2025-09-03T17:52:08","modified_gmt":"2025-09-03T17:52:08","slug":"elevador-da-gloria-descarrilou-ha-pelo-menos-20-feridos-observador","status":"publish","type":"post","link":"https:\/\/www.europesays.com\/pt\/57453\/","title":{"rendered":"Elevador da Gl\u00f3ria descarrilou. H\u00e1 pelo menos 20 feridos \u2013 Observador"},"content":{"rendered":"<p>O Elevador da Gl\u00f3ria, em Lisboa, descarrilou esta tarde. A informa\u00e7\u00e3o foi adiantada em direto pela CNN Portugal, cujas imagens demonstram o ascensor completamente destru\u00eddo.<\/p>\n<p>Em declara\u00e7\u00f5es ao Observador, o INEM adianta que o acidente causou \u201cpelo menos 20 feridos\u201d, sendo que foram destacadas \u201cpelo menos duas VMER (Viatura M\u00e9dica de Emerg\u00eancia e Reanima\u00e7\u00e3o) e uma SIV viatura (Viatura de Suporte Imediato de Vida)\u201d.<\/p>\n<p>\u00c0 Lusa, a diretora da Prote\u00e7\u00e3o Civil, Margarida Castro Martins, adiantou que dois dos feridos est\u00e3o em estado cr\u00edtico, cinco s\u00e3o feridos ligeiros e v\u00e1rias pessoas se encontram ainda encarceradas.<\/p>\n<p>Segundo avan\u00e7a fonte do Regimento dos Bombeiros Sapadores de Lisboa, o acidente foi causado por \u201cum cabo que se soltou\u201d na estrutura da composi\u00e7\u00e3o do ascensor, tendo perdido o controlo e embatido contra a parede de um edif\u00edcio.<\/p>\n<p>Em resposta ao Observador, a Carris \u2014 a empresa de transportes p\u00fablicos respons\u00e1vel pelos ascensores em Lisboa \u2014 disse estar \u201cno local com as suas equipas e ativou todos os meios para este tipo de situa\u00e7\u00e3o\u201d, tendo tamb\u00e9m entrado \u201cde imediato em contacto com as for\u00e7as de emerg\u00eancia e seguran\u00e7a\u201d. \u201cA prioridade \u00e9 acompanhar a situa\u00e7\u00e3o e todos os envolvidos\u201d, termina a nota.<\/p>\n<p>O alerta foi dado \u00e0s 18h04. Segundo o website da Prote\u00e7\u00e3o Civil, h\u00e1 56 operacionais destacados e 19 viaturas no local.<\/p>\n<p>A operar desde 1885, o Elevador da Gl\u00f3ria \u00e9 um dos ascensores mais antigos em funcionamento em Lisboa, fazendo a viagem pela Cal\u00e7ada da Gl\u00f3ria, desde a Pra\u00e7a dos Restauradores ao Miradouro de S\u00e3o Pedro de Alc\u00e2ntara.<\/p>\n","protected":false},"excerpt":{"rendered":"O Elevador da Gl\u00f3ria, em Lisboa, descarrilou esta tarde. A informa\u00e7\u00e3o foi adiantada em direto pela CNN Portugal,&hellip;\n","protected":false},"author":2,"featured_media":57454,"comment_status":"","ping_status":"","sticky":false,"template":"","format":"standard","meta":{"footnotes":""},"categories":[10],"tags":[27,28,15,16,14,25,26,797,21,22,12,13,19,20,57,32,23,24,33,58,17,18,29,30,31],"class_list":{"0":"post-57453","1":"post","2":"type-post","3":"status-publish","4":"format-standard","5":"has-post-thumbnail","7":"category-portugal","8":"tag-breaking-news","9":"tag-breakingnews","10":"tag-featured-news","11":"tag-featurednews","12":"tag-headlines","13":"tag-latest-news","14":"tag-latestnews","15":"tag-lisboa","16":"tag-main-news","17":"tag-mainnews","18":"tag-news","19":"tag-noticias","20":"tag-noticias-principais","21":"tag-noticiasprincipais","22":"tag-pau00eds","23":"tag-portugal","24":"tag-principais-noticias","25":"tag-principaisnoticias","26":"tag-pt","27":"tag-sociedade","28":"tag-top-stories","29":"tag-topstories","30":"tag-ultimas","31":"tag-ultimas-noticias","32":"tag-ultimasnoticias"},"share_on_mastodon":{"url":"","error":""},"_links":{"self":[{"href":"https:\/\/www.europesays.com\/pt\/wp-json\/wp\/v2\/posts\/57453","targetHints":{"allow":["GET"]}}],"collection":[{"href":"https:\/\/www.europesays.com\/pt\/wp-json\/wp\/v2\/posts"}],"about":[{"href":"https:\/\/www.europesays.com\/pt\/wp-json\/wp\/v2\/types\/post"}],"author":[{"embeddable":true,"href":"https:\/\/www.europesays.com\/pt\/wp-json\/wp\/v2\/users\/2"}],"replies":[{"embeddable":true,"href":"https:\/\/www.europesays.com\/pt\/wp-json\/wp\/v2\/comments?post=57453"}],"version-history":[{"count":0,"href":"https:\/\/www.europesays.com\/pt\/wp-json\/wp\/v2\/posts\/57453\/revisions"}],"wp:featuredmedia":[{"embeddable":true,"href":"https:\/\/www.europesays.com\/pt\/wp-json\/wp\/v2\/media\/57454"}],"wp:attachment":[{"href":"https:\/\/www.europesays.com\/pt\/wp-json\/wp\/v2\/media?parent=57453"}],"wp:term":[{"taxonomy":"category","embeddable":true,"href":"https:\/\/www.europesays.com\/pt\/wp-json\/wp\/v2\/categories?post=57453"},{"taxonomy":"post_tag","embeddable":true,"href":"https:\/\/www.europesays.com\/pt\/wp-json\/wp\/v2\/tags?post=57453"}],"curies":[{"name":"wp","href":"https:\/\/api.w.org\/{rel}","templated":true}]}}