{"id":57559,"date":"2025-09-03T19:13:16","date_gmt":"2025-09-03T19:13:16","guid":{"rendered":"https:\/\/www.europesays.com\/pt\/57559\/"},"modified":"2025-09-03T19:13:16","modified_gmt":"2025-09-03T19:13:16","slug":"imparavel-froholdt-deixa-hjulmand-nas-covas-e-marca-de-bicicleta","status":"publish","type":"post","link":"https:\/\/www.europesays.com\/pt\/57559\/","title":{"rendered":"IMPAR\u00c1VEL: Froholdt deixa Hjulmand nas \u00abcovas\u00bb e marca de bicicleta"},"content":{"rendered":"<p>Victor Froholdt \u00e9 um dos convocados por Brian Riemer para os compromissos da Dinamarca, na qualifica\u00e7\u00e3o para o Mundial 2026, e aproveitou os primeiros treinos para mostrar ao que vem.<\/p>\n<p>Atrav\u00e9s de um v\u00eddeo partilhado nas redes sociais, \u00e9 poss\u00edvel assistir a um lance individual do m\u00e9dio do FC Porto, em que deixou Hjulmand no relvado e marcou de bicicleta, num belo gesto t\u00e9cnico.<\/p>\n<p><strong>Assista aqui ao momento de Victor Froholdt:<\/strong>\u00a0<\/p>\n","protected":false},"excerpt":{"rendered":"Victor Froholdt \u00e9 um dos convocados por Brian Riemer para os compromissos da Dinamarca, na qualifica\u00e7\u00e3o para o&hellip;\n","protected":false},"author":2,"featured_media":57560,"comment_status":"","ping_status":"","sticky":false,"template":"","format":"standard","meta":{"footnotes":""},"categories":[8],"tags":[5644,27,28,4639,282,15,16,5933,8090,14,4930,25,26,21,22,46,12,13,19,20,32,23,24,33,47,17,18,3592,29,30,31],"class_list":{"0":"post-57559","1":"post","2":"type-post","3":"status-publish","4":"format-standard","5":"has-post-thumbnail","7":"category-principais-noticias","8":"tag-bicicleta","9":"tag-breaking-news","10":"tag-breakingnews","11":"tag-dinamarca","12":"tag-fc-porto","13":"tag-featured-news","14":"tag-featurednews","15":"tag-froholdt","16":"tag-golo","17":"tag-headlines","18":"tag-hjulmand","19":"tag-latest-news","20":"tag-latestnews","21":"tag-main-news","22":"tag-mainnews","23":"tag-maisfutebol","24":"tag-news","25":"tag-noticias","26":"tag-noticias-principais","27":"tag-noticiasprincipais","28":"tag-portugal","29":"tag-principais-noticias","30":"tag-principaisnoticias","31":"tag-pt","32":"tag-pura-paixao","33":"tag-top-stories","34":"tag-topstories","35":"tag-treino","36":"tag-ultimas","37":"tag-ultimas-noticias","38":"tag-ultimasnoticias"},"share_on_mastodon":{"url":"","error":""},"_links":{"self":[{"href":"https:\/\/www.europesays.com\/pt\/wp-json\/wp\/v2\/posts\/57559","targetHints":{"allow":["GET"]}}],"collection":[{"href":"https:\/\/www.europesays.com\/pt\/wp-json\/wp\/v2\/posts"}],"about":[{"href":"https:\/\/www.europesays.com\/pt\/wp-json\/wp\/v2\/types\/post"}],"author":[{"embeddable":true,"href":"https:\/\/www.europesays.com\/pt\/wp-json\/wp\/v2\/users\/2"}],"replies":[{"embeddable":true,"href":"https:\/\/www.europesays.com\/pt\/wp-json\/wp\/v2\/comments?post=57559"}],"version-history":[{"count":0,"href":"https:\/\/www.europesays.com\/pt\/wp-json\/wp\/v2\/posts\/57559\/revisions"}],"wp:featuredmedia":[{"embeddable":true,"href":"https:\/\/www.europesays.com\/pt\/wp-json\/wp\/v2\/media\/57560"}],"wp:attachment":[{"href":"https:\/\/www.europesays.com\/pt\/wp-json\/wp\/v2\/media?parent=57559"}],"wp:term":[{"taxonomy":"category","embeddable":true,"href":"https:\/\/www.europesays.com\/pt\/wp-json\/wp\/v2\/categories?post=57559"},{"taxonomy":"post_tag","embeddable":true,"href":"https:\/\/www.europesays.com\/pt\/wp-json\/wp\/v2\/tags?post=57559"}],"curies":[{"name":"wp","href":"https:\/\/api.w.org\/{rel}","templated":true}]}}