{"id":57810,"date":"2025-09-03T22:41:15","date_gmt":"2025-09-03T22:41:15","guid":{"rendered":"https:\/\/www.europesays.com\/pt\/57810\/"},"modified":"2025-09-03T22:41:15","modified_gmt":"2025-09-03T22:41:15","slug":"sporting-reuniu-por-extremo-da-la-liga-durante-o-verao","status":"publish","type":"post","link":"https:\/\/www.europesays.com\/pt\/57810\/","title":{"rendered":"Sporting reuniu por extremo da La Liga durante o ver\u00e3o"},"content":{"rendered":"<p>Abde foi um dos alvos de mercado do Sporting nesta \u00faltima janela de transfer\u00eancias. De acordo com o Record, os respons\u00e1veis do emblema de Alvalade estiveram reunidos com o Real B\u00e9tis ainda durante o est\u00e1dio dos verde e brancos em Lagos, mas a negocia\u00e7\u00e3o n\u00e3o avan\u00e7ou.<\/p>\n<p>O extremo marroquino foi assim um dos jogadores que fizeram parte da lista inicial do Sporting, que acabou por n\u00e3o contratar nenhum extremo, <a href=\"https:\/\/bolanarede.pt\/especial-bola-na-rede\/atualidade\/sporting-falhou-a-inscricao-de-jota-silva-por-1-minuto\/\" target=\"_blank\" rel=\"noreferrer noopener nofollow\">depois de n\u00e3o ter conseguido inscrever a tempo Jota Silva<\/a>.<\/p>\n<p>Abde tem 23 anos e na \u00faltima temporada somou 49 encontros, com nove golos marcados e quatro assist\u00eancias. J\u00e1 passou pelo Barcelona e destacou-se ao servi\u00e7o do Osasuna.<\/p>\n","protected":false},"excerpt":{"rendered":"Abde foi um dos alvos de mercado do Sporting nesta \u00faltima janela de transfer\u00eancias. De acordo com o&hellip;\n","protected":false},"author":2,"featured_media":48746,"comment_status":"","ping_status":"","sticky":false,"template":"","format":"standard","meta":{"footnotes":""},"categories":[87],"tags":[16329,260,135,478,32,479,33,3508,34,134],"class_list":{"0":"post-57810","1":"post","2":"type-post","3":"status-publish","4":"format-standard","5":"has-post-thumbnail","7":"category-desporto","8":"tag-abde","9":"tag-atualidade","10":"tag-desporto","11":"tag-destaques-bnr","12":"tag-portugal","13":"tag-primeira-liga","14":"tag-pt","15":"tag-real-betis","16":"tag-sporting","17":"tag-sports"},"share_on_mastodon":{"url":"","error":""},"_links":{"self":[{"href":"https:\/\/www.europesays.com\/pt\/wp-json\/wp\/v2\/posts\/57810","targetHints":{"allow":["GET"]}}],"collection":[{"href":"https:\/\/www.europesays.com\/pt\/wp-json\/wp\/v2\/posts"}],"about":[{"href":"https:\/\/www.europesays.com\/pt\/wp-json\/wp\/v2\/types\/post"}],"author":[{"embeddable":true,"href":"https:\/\/www.europesays.com\/pt\/wp-json\/wp\/v2\/users\/2"}],"replies":[{"embeddable":true,"href":"https:\/\/www.europesays.com\/pt\/wp-json\/wp\/v2\/comments?post=57810"}],"version-history":[{"count":0,"href":"https:\/\/www.europesays.com\/pt\/wp-json\/wp\/v2\/posts\/57810\/revisions"}],"wp:featuredmedia":[{"embeddable":true,"href":"https:\/\/www.europesays.com\/pt\/wp-json\/wp\/v2\/media\/48746"}],"wp:attachment":[{"href":"https:\/\/www.europesays.com\/pt\/wp-json\/wp\/v2\/media?parent=57810"}],"wp:term":[{"taxonomy":"category","embeddable":true,"href":"https:\/\/www.europesays.com\/pt\/wp-json\/wp\/v2\/categories?post=57810"},{"taxonomy":"post_tag","embeddable":true,"href":"https:\/\/www.europesays.com\/pt\/wp-json\/wp\/v2\/tags?post=57810"}],"curies":[{"name":"wp","href":"https:\/\/api.w.org\/{rel}","templated":true}]}}