{"id":57816,"date":"2025-09-03T22:47:12","date_gmt":"2025-09-03T22:47:12","guid":{"rendered":"https:\/\/www.europesays.com\/pt\/57816\/"},"modified":"2025-09-03T22:47:12","modified_gmt":"2025-09-03T22:47:12","slug":"um-dos-edificios-vizinhos-de-fachada-que-ruiu-em-lisboa-sem-estabilidade-estrutural-diz-protecao-civil","status":"publish","type":"post","link":"https:\/\/www.europesays.com\/pt\/57816\/","title":{"rendered":"Um dos edif\u00edcios vizinhos de fachada que ruiu em Lisboa sem estabilidade estrutural, diz Prote\u00e7\u00e3o Civil"},"content":{"rendered":"<p class=\"category\"><a href=\"https:\/\/sicnoticias.pt\/pais\" rel=\"nofollow noopener\" target=\"_blank\">Pa\u00eds<\/a><\/p>\n<p>Uma fachada lateral de um pr\u00e9dio antigo desabou na rua do Sol \u00e0 Gra\u00e7a, em Lisboa, deixando 16 pessoas desalojadas.\u00a0A Prote\u00e7\u00e3o Civil Municipal realizou vistorias aos edif\u00edcios adjacentes e concluiu que o pr\u00e9dio afetado est\u00e1 inst\u00e1vel. <\/p>\n<p><img decoding=\"async\" src=\"https:\/\/www.europesays.com\/pt\/wp-content\/uploads\/2025\/09\/1756939632_711_original.webp\" alt=\"Um dos edif\u00edcios vizinhos de fachada que ruiu em Lisboa sem estabilidade estrutural, diz Prote\u00e7\u00e3o Civil\"\/><\/p>\n<p>Filipe Amorim<\/p>\n<p><strong>A vistoria dos Servi\u00e7os de Urbanismo da C\u00e2mara de Lisboa aos edif\u00edcios cont\u00edguos <\/strong><a href=\"https:\/\/sicnoticias.pt\/pais\/2025-09-03-video-predio-ruiu-em-lisboa-dos-16-moradores-que-ficaram-desalojados-metade-ja-voltou-para-casa-4e369351?utm_source=sicnot&amp;utm_medium=root&amp;utm_campaign=WEB&amp;utm_content=\/pais\/2025-09-03-video-predio-ruiu-em-lisboa-dos-16-moradores-que-ficaram-desalojados-metade-ja-voltou-para-casa-4e369351\" target=\"_blank\" rel=\"noopener noreferrer nofollow\"><strong>\u00e0 fachada que ruiu<\/strong><\/a><strong> esta madrugada concluiu n\u00e3o haver seguran\u00e7a a n\u00edvel de estabilidade estrutural no pr\u00e9dio que ficou sem empena, disse a Prote\u00e7\u00e3o Civil municipal.<\/strong><\/p>\n<p>Em declara\u00e7\u00f5es \u00e0 Lusa, Margarida Castro Martins, respons\u00e1vel da Prote\u00e7\u00e3o Civil Municipal de Lisboa, explicou que a vistoria t\u00e9cnica ao edif\u00edcio cuja empena caiu, o n\u00famero 41 da rua do Sol \u00e0 Gra\u00e7a, &#8220;est\u00e1 inst\u00e1vel pelo que vai ser estabilizado com escoramento. No outro lado, no 39, os habitantes j\u00e1 voltaram todos para casa, do r\/c, 1.\u00ba e 2.\u00ba andar&#8221;.<\/p>\n<p>Segundo a respons\u00e1vel, do n.\u00ba 41 foram alojadas pela autarquia em unidade hoteleira duas fam\u00edlias, pelo que &#8220;oito  [pessoas]  voltaram \u00e0s suas casas e oito continuam fora&#8221;.<\/p>\n<p>Margarida Castro Martins adiantou que o problema n\u00e3o foi dentro das casas, avan\u00e7ando que a fissura vis\u00edvel &#8220;teve a ver com a estabilidade estrutural do edif\u00edcio e com a seguran\u00e7a estrutural do edif\u00edcio&#8221;, acrescentando que quem fez &#8220;a avalia\u00e7\u00e3o t\u00e9cnica da engenharia concluiu que n\u00e3o h\u00e1 seguran\u00e7a a n\u00edvel de estabilidade estrutural&#8221;.<\/p>\n<p>De acordo com a respons\u00e1vel, vai ser agora dado in\u00edcio aos trabalhos de estabiliza\u00e7\u00e3o da empena ca\u00edda, de limpeza da via e limpeza dos destro\u00e7os, de forma a tentar entender &#8220;um bocadinho as origens&#8221; do que \u00e9 que provocou o incidente.<\/p>\n<blockquote><p>&#8220;S\u00f3 (&#8230;) depois esta obra continuar\u00e1 os seus trabalhos&#8221;, frisou a respons\u00e1vel, adiantando que a obra &#8220;est\u00e1 licenciada&#8221; e est\u00e1 a ser acompanhada pela Dire\u00e7\u00e3o Municipal do Urbanismo, ou seja, pela fiscaliza\u00e7\u00e3o da C\u00e2mara.<\/p><\/blockquote>\n<p>Cerca das 12:00, Margarida Castro Martins deu conta aos jornalistas no local ter j\u00e1 terminado a &#8220;vistoria t\u00e9cnica&#8221;, com o apoio do empreiteiro respons\u00e1vel pela obra que provocou a derrocada esta madrugada<\/p>\n<blockquote><p>&#8220;Foi feita a vistoria aos dois edif\u00edcios, foi feita a avalia\u00e7\u00e3o de condi\u00e7\u00f5es de seguran\u00e7a e de habitabilidade e, neste momento, das 16 pessoas desalojadas, oito j\u00e1 regressaram \u00e0s suas habita\u00e7\u00f5es&#8221;, disse a respons\u00e1vel.<\/p><\/blockquote>\n<p>De acordo com a respons\u00e1vel, a via ficar\u00e1 cortada &#8220;mais algum tempo, n\u00e3o em toda a sua extens\u00e3o, mas na zona&#8221; do incidente, para que n\u00e3o haja risco.<\/p>\n<p>Cerca de 16 pessoas ficaram, esta madrugada, desalojadas devido \u00e0 queda da fachada lateral de um pr\u00e9dio antigo vizinho, pelas 03:00, na rua do Sol \u00e0 Gra\u00e7a, freguesia de S\u00e3o Vicente, em Lisboa.<\/p>\n<p>A queda da estrutura n\u00e3o causou v\u00edtimas, mas os habitantes de pr\u00e9dios vizinhos foram desalojados por as suas casas terem ficado sem condi\u00e7\u00f5es de habitabilidade, tendo a lateral de um dos edif\u00edcios ficado destru\u00edda com os pertences a c\u00e9u aberto, de acordo com a primeira informa\u00e7\u00e3o prestada \u00e0 Lusa pelos Sapadores Bombeiros.<\/p>\n<p>O edif\u00edcio antigo que ruiu estava a ser recuperado.<\/p>\n","protected":false},"excerpt":{"rendered":"Pa\u00eds Uma fachada lateral de um pr\u00e9dio antigo desabou na rua do Sol \u00e0 Gra\u00e7a, em Lisboa, deixando&hellip;\n","protected":false},"author":2,"featured_media":57817,"comment_status":"","ping_status":"","sticky":false,"template":"","format":"standard","meta":{"footnotes":""},"categories":[10],"tags":[27,28,15,16,14,25,26,21,22,12,13,19,20,32,23,24,33,17,18,29,30,31],"class_list":{"0":"post-57816","1":"post","2":"type-post","3":"status-publish","4":"format-standard","5":"has-post-thumbnail","7":"category-portugal","8":"tag-breaking-news","9":"tag-breakingnews","10":"tag-featured-news","11":"tag-featurednews","12":"tag-headlines","13":"tag-latest-news","14":"tag-latestnews","15":"tag-main-news","16":"tag-mainnews","17":"tag-news","18":"tag-noticias","19":"tag-noticias-principais","20":"tag-noticiasprincipais","21":"tag-portugal","22":"tag-principais-noticias","23":"tag-principaisnoticias","24":"tag-pt","25":"tag-top-stories","26":"tag-topstories","27":"tag-ultimas","28":"tag-ultimas-noticias","29":"tag-ultimasnoticias"},"share_on_mastodon":{"url":"","error":""},"_links":{"self":[{"href":"https:\/\/www.europesays.com\/pt\/wp-json\/wp\/v2\/posts\/57816","targetHints":{"allow":["GET"]}}],"collection":[{"href":"https:\/\/www.europesays.com\/pt\/wp-json\/wp\/v2\/posts"}],"about":[{"href":"https:\/\/www.europesays.com\/pt\/wp-json\/wp\/v2\/types\/post"}],"author":[{"embeddable":true,"href":"https:\/\/www.europesays.com\/pt\/wp-json\/wp\/v2\/users\/2"}],"replies":[{"embeddable":true,"href":"https:\/\/www.europesays.com\/pt\/wp-json\/wp\/v2\/comments?post=57816"}],"version-history":[{"count":0,"href":"https:\/\/www.europesays.com\/pt\/wp-json\/wp\/v2\/posts\/57816\/revisions"}],"wp:featuredmedia":[{"embeddable":true,"href":"https:\/\/www.europesays.com\/pt\/wp-json\/wp\/v2\/media\/57817"}],"wp:attachment":[{"href":"https:\/\/www.europesays.com\/pt\/wp-json\/wp\/v2\/media?parent=57816"}],"wp:term":[{"taxonomy":"category","embeddable":true,"href":"https:\/\/www.europesays.com\/pt\/wp-json\/wp\/v2\/categories?post=57816"},{"taxonomy":"post_tag","embeddable":true,"href":"https:\/\/www.europesays.com\/pt\/wp-json\/wp\/v2\/tags?post=57816"}],"curies":[{"name":"wp","href":"https:\/\/api.w.org\/{rel}","templated":true}]}}