{"id":57818,"date":"2025-09-03T22:48:09","date_gmt":"2025-09-03T22:48:09","guid":{"rendered":"https:\/\/www.europesays.com\/pt\/57818\/"},"modified":"2025-09-03T22:48:09","modified_gmt":"2025-09-03T22:48:09","slug":"ha-um-central-portugues-de-20-anos-ja-apontado-como-possivel-revelacao-da-liga-italiana","status":"publish","type":"post","link":"https:\/\/www.europesays.com\/pt\/57818\/","title":{"rendered":"H\u00e1 um central portugu\u00eas de 20 anos j\u00e1 apontado como poss\u00edvel revela\u00e7\u00e3o da liga italiana"},"content":{"rendered":"<p>Tem apenas 20 anos e 1,94 metros de altura. Ao fim de dois jogos ao servi\u00e7o do <a target=\"_blank\" class=\"editor-link autolink-enabled\" href=\"https:\/\/www.abola.pt\/futebol\/lecce-256\" data-resource-id=\"256\" data-resource-type=\"team\" data-sport=\"football\" rel=\"nofollow noopener\">Lecce<\/a>, <a target=\"_blank\" class=\"editor-link autolink-enabled\" href=\"https:\/\/www.abola.pt\/futebol\/jogador\/tiago-gabriel-300482\" data-resource-id=\"300482\" data-resource-type=\"player\" data-sport=\"football\" rel=\"nofollow noopener\">Tiago Gabriel<\/a> captou a aten\u00e7\u00e3o dos adeptos e jornalistas de um dos campeonatos mais exigentes do mundo, a <a target=\"_blank\" class=\"editor-link autolink-enabled\" href=\"https:\/\/www.abola.pt\/futebol\/competicao\/serie-a-7\" data-resource-id=\"7\" data-resource-type=\"competition\" data-sport=\"football\" rel=\"nofollow noopener\">Serie A<\/a> italiana. <\/p>\n<p>O central, nascido a 26 de dezembro de 2004, \u00e9 um dos nomes emergentes da nova gera\u00e7\u00e3o de defesas portugueses e a recente transfer\u00eancia do <a target=\"_blank\" class=\"editor-link autolink-enabled\" href=\"https:\/\/www.abola.pt\/futebol\/estrela-da-amadora-21677\" data-resource-id=\"21677\" data-resource-type=\"team\" data-sport=\"football\" rel=\"nofollow noopener\">Estrela da Amadora<\/a> para o emblema da Floren\u00e7a do Sul, em janeiro deste ano, a troco de um milh\u00e3o de euros, \u00e9 vista em It\u00e1lia n\u00e3o s\u00f3 como investimento de futuro mas ainda como verdadeiro achado por parte do scouting dos Salentini.<\/p>\n<p>Produto das escolas de <a target=\"_blank\" class=\"editor-link autolink-enabled\" href=\"https:\/\/www.abola.pt\/futebol\/sporting-448\" data-resource-id=\"448\" data-resource-type=\"team\" data-sport=\"football\" rel=\"nofollow noopener\">Sporting<\/a>, Vit\u00f3ria de Set\u00fabal e <a target=\"_blank\" class=\"editor-link autolink-enabled\" href=\"https:\/\/www.abola.pt\/futebol\/estrela-da-amadora-21677\" data-resource-id=\"21677\" data-resource-type=\"team\" data-sport=\"football\" rel=\"nofollow noopener\">Estrela da Amadora<\/a>, <a target=\"_blank\" class=\"editor-link autolink-enabled\" href=\"https:\/\/www.abola.pt\/futebol\/jogador\/tiago-gabriel-300482\" data-resource-id=\"300482\" data-resource-type=\"player\" data-sport=\"football\" rel=\"nofollow noopener\">Tiago Gabriel<\/a> chegou ao futebol s\u00e9nior em 2024\/25, somando 11 jogos e um golo pelos tricolores na Primeira Liga. O suficiente para despertar a aten\u00e7\u00e3o do <a target=\"_blank\" class=\"editor-link autolink-enabled\" href=\"https:\/\/www.abola.pt\/futebol\/lecce-256\" data-resource-id=\"256\" data-resource-type=\"team\" data-sport=\"football\" rel=\"nofollow noopener\">Lecce<\/a>, clube habituado a apostar em jovens talentos e que n\u00e3o hesitou em resgat\u00e1-lo na \u00faltima janela de inverno. <\/p>\n<p>A estreia aconteceu num grande palco: em Turim frente \u00e0 <a target=\"_blank\" class=\"editor-link autolink-enabled\" href=\"https:\/\/www.abola.pt\/futebol\/juventus-255\" data-resource-id=\"255\" data-resource-type=\"team\" data-sport=\"football\" rel=\"nofollow noopener\">Juventus<\/a>. Jogou 79 minutos nessa derrota por 2-1 e somou apenas mais 15, no empate (1-1) diante do <a target=\"_blank\" class=\"editor-link autolink-enabled\" href=\"https:\/\/www.abola.pt\/futebol\/verona-254\" data-resource-id=\"254\" data-resource-type=\"team\" data-sport=\"football\" rel=\"nofollow noopener\">Verona<\/a>, quatro jornadas depois (36.\u00aa). Na presente \u00e9poca, \u00e9 totalista. Esteve presente nos tr\u00eas encontros realizados pelo <a target=\"_blank\" class=\"editor-link autolink-enabled\" href=\"https:\/\/www.abola.pt\/futebol\/lecce-256\" data-resource-id=\"256\" data-resource-type=\"team\" data-sport=\"football\" rel=\"nofollow noopener\">Lecce<\/a>: triunfo por 2-0, na Ta\u00e7a, diante da Juve Stabia; empate em <a target=\"_blank\" class=\"editor-link autolink-enabled\" href=\"https:\/\/www.abola.pt\/futebol\/genova-276\" data-resource-id=\"276\" data-resource-type=\"team\" data-sport=\"football\" rel=\"nofollow noopener\">G\u00e9nova<\/a> a zero e derrota no Via del Mare diante do <a target=\"_blank\" class=\"editor-link autolink-enabled\" href=\"https:\/\/www.abola.pt\/futebol\/milan-245\" data-resource-id=\"245\" data-resource-type=\"team\" data-sport=\"football\" rel=\"nofollow noopener\">Milan<\/a> por 2-0.<\/p>\n<p>            <img decoding=\"async\" src=\"https:\/\/www.europesays.com\/pt\/wp-content\/uploads\/2025\/09\/ca653552-2bd1-4170-b452-7c397623b9c5.jpeg\" alt=\"\" width=\"620\" class=\"w-full object-cover\"\/><\/p>\n<p>                    Tiago Gabriel na marca\u00e7\u00e3o a Ruben Loftus-Cheek, do Milan<\/p>\n<p>A altura e a tranquilidade na distribui\u00e7\u00e3o levam por vezes a que o comparem a <a target=\"_blank\" class=\"editor-link autolink-enabled\" href=\"https:\/\/www.abola.pt\/futebol\/jogador\/dean-huijsen-259157\" data-resource-id=\"259157\" data-resource-type=\"player\" data-sport=\"football\" rel=\"nofollow noopener\">Dean Huijsen<\/a>, jovem central do <a target=\"_blank\" class=\"editor-link autolink-enabled\" href=\"https:\/\/www.abola.pt\/futebol\/real-madrid-204\" data-resource-id=\"204\" data-resource-type=\"team\" data-sport=\"football\" rel=\"nofollow noopener\">Real Madrid<\/a>. \u00c9 naturalmente forte no jogo a\u00e9reo e nos duelos mais f\u00edsicos, mas n\u00e3o se limita ao contacto. Os n\u00fameros confirmam as boas impress\u00f5es deixadas: nas primeiras duas jornadas da <a target=\"_blank\" class=\"editor-link autolink-enabled\" href=\"https:\/\/www.abola.pt\/futebol\/competicao\/serie-a-7\" data-resource-id=\"7\" data-resource-type=\"competition\" data-sport=\"football\" rel=\"nofollow noopener\">Serie A<\/a> 2025\/26, venceu 82% dos duelos no ch\u00e3o e 78% dos a\u00e9reos, somando ainda 89 passes certos (86,4% de efic\u00e1cia), quatro interce\u00e7\u00f5es, um bloqueio a um remate e seis recupera\u00e7\u00f5es de bola. N\u00e3o foi uma \u00fanica vez desarmado.<\/p>\n<p>Esse equil\u00edbrio entre robustez e serenidade distingue-o. <a class=\"autolink-enabled\" data-resource-id=\"300482\" data-resource-type=\"player\" data-sport=\"football\" href=\"https:\/\/www.abola.pt\/futebol\/jogador\/tiago-gabriel-300482\" rel=\"nofollow noopener\" target=\"_blank\">Tiago Gabriel<\/a> mostra-se calmo sob press\u00e3o, raramente se deixa ultrapassar por dribladores e l\u00ea o perigo com antecipa\u00e7\u00e3o. Pode atuar tanto numa linha de quatro como num sistema de tr\u00eas centrais, al\u00e9m de ser op\u00e7\u00e3o ocasional como lateral-direito, o que aumenta a sua utilidade t\u00e1tica.<\/p>\n<p>O jovem defesa destaca-se pela maturidade invulgar para a idade. As falhas graves s\u00e3o quase inexistentes e a fiabilidade defensiva \u00e9 j\u00e1 a sua marca. <\/p>\n<p>A n\u00edvel t\u00e9cnico, tem bases s\u00f3lidas para crescer no passe progressivo e na sa\u00edda desde a sua baliza, ainda que a consist\u00eancia nesse cap\u00edtulo seja o pr\u00f3ximo patamar a alcan\u00e7ar. Como sucede com muitos centrais jovens, a experi\u00eancia ao mais alto n\u00edvel dever\u00e1 polir a capacidade de distribui\u00e7\u00e3o e reten\u00e7\u00e3o de bola.<\/p>\n<p>            <img decoding=\"async\" src=\"https:\/\/www.europesays.com\/pt\/wp-content\/uploads\/2025\/09\/86fda8bb-5dda-44a9-b778-675ffc5a3865.jpeg\" alt=\"\" width=\"620\" class=\"w-full object-cover\"\/><\/p>\n<p>                    Tiago Gabriel em a\u00e7\u00e3o diante do G\u00e9nova<\/p>\n<p>Em apenas 13 jogos como profissional (<a class=\"autolink-enabled\" data-resource-id=\"21677\" data-resource-type=\"team\" data-sport=\"football\" href=\"https:\/\/www.abola.pt\/futebol\/estrela-da-amadora-21677\" rel=\"nofollow noopener\" target=\"_blank\">Estrela<\/a> e <a class=\"autolink-enabled\" data-resource-id=\"256\" data-resource-type=\"team\" data-sport=\"football\" href=\"https:\/\/www.abola.pt\/futebol\/lecce-256\" rel=\"nofollow noopener\" target=\"_blank\">Lecce<\/a>), j\u00e1 deu sinais de que pode ser um central de longo alcance. O <a class=\"autolink-enabled\" data-resource-id=\"256\" data-resource-type=\"team\" data-sport=\"football\" href=\"https:\/\/www.abola.pt\/futebol\/lecce-256\" rel=\"nofollow noopener\" target=\"_blank\">Lecce<\/a> acredita que o tempo jogar\u00e1 a seu favor, enquanto <a class=\"autolink-enabled\" data-resource-id=\"1651\" data-resource-type=\"team\" data-sport=\"football\" href=\"https:\/\/www.abola.pt\/futebol\/portugal-1651\" rel=\"nofollow noopener\" target=\"_blank\">Portugal<\/a> ganha mais um nome para acompanhar de perto.<\/p>\n<p>Tiago Gabriel n\u00e3o \u00e9 apenas mais um talento a emergir: \u00e9 um jovem que alia f\u00edsico, intelig\u00eancia defensiva e margem de progress\u00e3o. E a Serie A, com a sua tradi\u00e7\u00e3o em moldar centrais de elite, pode ser o cen\u00e1rio ideal para o transformar num defesa de topo.<\/p>\n","protected":false},"excerpt":{"rendered":"Tem apenas 20 anos e 1,94 metros de altura. Ao fim de dois jogos ao servi\u00e7o do Lecce,&hellip;\n","protected":false},"author":2,"featured_media":57819,"comment_status":"","ping_status":"","sticky":false,"template":"","format":"standard","meta":{"footnotes":""},"categories":[8],"tags":[27,28,15,16,14,25,26,21,22,12,13,19,20,32,23,24,33,17,18,29,30,31],"class_list":{"0":"post-57818","1":"post","2":"type-post","3":"status-publish","4":"format-standard","5":"has-post-thumbnail","7":"category-principais-noticias","8":"tag-breaking-news","9":"tag-breakingnews","10":"tag-featured-news","11":"tag-featurednews","12":"tag-headlines","13":"tag-latest-news","14":"tag-latestnews","15":"tag-main-news","16":"tag-mainnews","17":"tag-news","18":"tag-noticias","19":"tag-noticias-principais","20":"tag-noticiasprincipais","21":"tag-portugal","22":"tag-principais-noticias","23":"tag-principaisnoticias","24":"tag-pt","25":"tag-top-stories","26":"tag-topstories","27":"tag-ultimas","28":"tag-ultimas-noticias","29":"tag-ultimasnoticias"},"share_on_mastodon":{"url":"","error":""},"_links":{"self":[{"href":"https:\/\/www.europesays.com\/pt\/wp-json\/wp\/v2\/posts\/57818","targetHints":{"allow":["GET"]}}],"collection":[{"href":"https:\/\/www.europesays.com\/pt\/wp-json\/wp\/v2\/posts"}],"about":[{"href":"https:\/\/www.europesays.com\/pt\/wp-json\/wp\/v2\/types\/post"}],"author":[{"embeddable":true,"href":"https:\/\/www.europesays.com\/pt\/wp-json\/wp\/v2\/users\/2"}],"replies":[{"embeddable":true,"href":"https:\/\/www.europesays.com\/pt\/wp-json\/wp\/v2\/comments?post=57818"}],"version-history":[{"count":0,"href":"https:\/\/www.europesays.com\/pt\/wp-json\/wp\/v2\/posts\/57818\/revisions"}],"wp:featuredmedia":[{"embeddable":true,"href":"https:\/\/www.europesays.com\/pt\/wp-json\/wp\/v2\/media\/57819"}],"wp:attachment":[{"href":"https:\/\/www.europesays.com\/pt\/wp-json\/wp\/v2\/media?parent=57818"}],"wp:term":[{"taxonomy":"category","embeddable":true,"href":"https:\/\/www.europesays.com\/pt\/wp-json\/wp\/v2\/categories?post=57818"},{"taxonomy":"post_tag","embeddable":true,"href":"https:\/\/www.europesays.com\/pt\/wp-json\/wp\/v2\/tags?post=57818"}],"curies":[{"name":"wp","href":"https:\/\/api.w.org\/{rel}","templated":true}]}}