{"id":57820,"date":"2025-09-03T22:49:11","date_gmt":"2025-09-03T22:49:11","guid":{"rendered":"https:\/\/www.europesays.com\/pt\/57820\/"},"modified":"2025-09-03T22:49:11","modified_gmt":"2025-09-03T22:49:11","slug":"exclusivo-saiba-o-que-esta-por-tras-da-treta-de-gusttavo-lima-e-thiago-brava","status":"publish","type":"post","link":"https:\/\/www.europesays.com\/pt\/57820\/","title":{"rendered":"Exclusivo: saiba o que est\u00e1 por tr\u00e1s da treta de Gusttavo Lima e Thiago Brava"},"content":{"rendered":"<p data-start=\"70\" data-end=\"462\"><strong data-start=\"70\" data-end=\"87\">Gusttavo Lima<\/strong> decidiu comemorar o anivers\u00e1rio nos <strong data-start=\"124\" data-end=\"142\">Estados Unidos<\/strong>, escolha que acabou desencadeando uma crise que abalou o sertanejo. Para n\u00e3o interromper a festa fora do <strong data-start=\"248\" data-end=\"258\">Brasil<\/strong>, o cantor deixou de comparecer \u00e0 grava\u00e7\u00e3o do DVD do projeto \u2018<strong data-start=\"320\" data-end=\"361\">Os Caras do Arrocha e a Turma de 2012<\/strong>\u2019, idealizado por <strong data-start=\"379\" data-end=\"395\">Thiago Brava<\/strong> e <strong data-start=\"398\" data-end=\"415\">Israel Novaes<\/strong>, que aconteceu ontem, dia 2, em <strong data-start=\"448\" data-end=\"459\">Goi\u00e2nia<\/strong>.<\/p>\n<p data-start=\"464\" data-end=\"763\">A log\u00edstica ficou imposs\u00edvel: ele teria que vir para a grava\u00e7\u00e3o no dia 2, voltar aos <strong data-start=\"549\" data-end=\"556\">EUA<\/strong> e retornar ao <strong data-start=\"571\" data-end=\"581\">Brasil<\/strong> no s\u00e1bado, dia 6, para o seu evento \u201c<strong data-start=\"619\" data-end=\"645\">Embaixador in Classics<\/strong>\u201d. Resultado: n\u00e3o apenas faltou ao DVD, como cancelou em cima da hora a participa\u00e7\u00e3o dos amigos no pr\u00f3prio festival.<\/p>\n<p data-start=\"765\" data-end=\"1089\">A vaga dos <strong data-start=\"776\" data-end=\"796\">Caras do Arrocha<\/strong> foi preenchida pela label <strong data-start=\"823\" data-end=\"838\">C\u00ea T\u00e1 Doido<\/strong>, com <strong data-start=\"844\" data-end=\"862\">\u00cdcaro &amp; Gilmar<\/strong>, <strong data-start=\"864\" data-end=\"886\">Humberto &amp; Ronaldo<\/strong> e <strong data-start=\"889\" data-end=\"898\">Panda<\/strong>, ligada ao escrit\u00f3rio do ex-marido de <strong data-start=\"937\" data-end=\"955\">Naiara Azevedo<\/strong>, hoje parceiro de neg\u00f3cios do <strong data-start=\"986\" data-end=\"1000\">Embaixador<\/strong>. Uma troca que soa muito mais como movimento comercial do que como decis\u00e3o de amizade.<\/p>\n<p data-start=\"1091\" data-end=\"1484\">Nos bastidores, a frustra\u00e7\u00e3o \u00e9 evidente. <strong data-start=\"1132\" data-end=\"1147\">Tiago Brava<\/strong>, que sempre se apresentava como irm\u00e3o de <strong data-start=\"1189\" data-end=\"1201\">Gusttavo<\/strong>, reagiu com m\u00e1goa: deixou de segui-lo nas redes sociais, expondo o mal-estar. O unfollow ecoou porque a rela\u00e7\u00e3o dos dois ia muito al\u00e9m dos palcos, com viagens, boteco, sinuca e companheirismo de anos. Enquanto isso, <strong data-start=\"1420\" data-end=\"1430\">Israel<\/strong> manteve o contato e segue confirmado para o evento.<\/p>\n<p data-start=\"1486\" data-end=\"1870\">O cancelamento tamb\u00e9m trouxe impacto financeiro: sem o show, os <strong data-start=\"1550\" data-end=\"1570\">Caras do Arrocha<\/strong> ficaram sem o cach\u00ea da data. A justificativa interna \u00e9 que, dentro da engrenagem comandada pelo irm\u00e3o de <strong data-start=\"1676\" data-end=\"1688\">Gusttavo<\/strong>, <strong data-start=\"1690\" data-end=\"1706\">Marcelo Lima<\/strong>, que tamb\u00e9m \u00e9 empres\u00e1rio do sertanejo, essa perda seria compensada em outros eventos futuros. Mas a impress\u00e3o que fica \u00e9 de desprest\u00edgio e falta de considera\u00e7\u00e3o.<\/p>\n<p data-start=\"1872\" data-end=\"2151\">No fim, a pergunta \u00e9 inevit\u00e1vel: ser\u00e1 que vale mesmo colocar neg\u00f3cios acima da amizade em um momento t\u00e3o simb\u00f3lico, como a comemora\u00e7\u00e3o de anivers\u00e1rio? A m\u00e1goa de <strong data-start=\"2034\" data-end=\"2043\">Brava<\/strong> mostra que, no sertanejo, at\u00e9 as amizades mais s\u00f3lidas podem estremecer quando o dinheiro fala mais alto.<\/p>\n<p data-start=\"2153\" data-end=\"2188\">Amigos, amigos\u2026 neg\u00f3cios \u00e0 parte.<\/p>\n","protected":false},"excerpt":{"rendered":"Gusttavo Lima decidiu comemorar o anivers\u00e1rio nos Estados Unidos, escolha que acabou desencadeando uma crise que abalou o&hellip;\n","protected":false},"author":2,"featured_media":57821,"comment_status":"","ping_status":"","sticky":false,"template":"","format":"standard","meta":{"footnotes":""},"categories":[145],"tags":[211,210,114,115,32,33],"class_list":{"0":"post-57820","1":"post","2":"type-post","3":"status-publish","4":"format-standard","5":"has-post-thumbnail","7":"category-celebridades","8":"tag-celebridades","9":"tag-celebrities","10":"tag-entertainment","11":"tag-entretenimento","12":"tag-portugal","13":"tag-pt"},"share_on_mastodon":{"url":"","error":""},"_links":{"self":[{"href":"https:\/\/www.europesays.com\/pt\/wp-json\/wp\/v2\/posts\/57820","targetHints":{"allow":["GET"]}}],"collection":[{"href":"https:\/\/www.europesays.com\/pt\/wp-json\/wp\/v2\/posts"}],"about":[{"href":"https:\/\/www.europesays.com\/pt\/wp-json\/wp\/v2\/types\/post"}],"author":[{"embeddable":true,"href":"https:\/\/www.europesays.com\/pt\/wp-json\/wp\/v2\/users\/2"}],"replies":[{"embeddable":true,"href":"https:\/\/www.europesays.com\/pt\/wp-json\/wp\/v2\/comments?post=57820"}],"version-history":[{"count":0,"href":"https:\/\/www.europesays.com\/pt\/wp-json\/wp\/v2\/posts\/57820\/revisions"}],"wp:featuredmedia":[{"embeddable":true,"href":"https:\/\/www.europesays.com\/pt\/wp-json\/wp\/v2\/media\/57821"}],"wp:attachment":[{"href":"https:\/\/www.europesays.com\/pt\/wp-json\/wp\/v2\/media?parent=57820"}],"wp:term":[{"taxonomy":"category","embeddable":true,"href":"https:\/\/www.europesays.com\/pt\/wp-json\/wp\/v2\/categories?post=57820"},{"taxonomy":"post_tag","embeddable":true,"href":"https:\/\/www.europesays.com\/pt\/wp-json\/wp\/v2\/tags?post=57820"}],"curies":[{"name":"wp","href":"https:\/\/api.w.org\/{rel}","templated":true}]}}