{"id":57826,"date":"2025-09-03T22:56:13","date_gmt":"2025-09-03T22:56:13","guid":{"rendered":"https:\/\/www.europesays.com\/pt\/57826\/"},"modified":"2025-09-03T22:56:13","modified_gmt":"2025-09-03T22:56:13","slug":"alzheimer-pode-ter-cheiro-e-deteccao-antecipada-entenda","status":"publish","type":"post","link":"https:\/\/www.europesays.com\/pt\/57826\/","title":{"rendered":"Alzheimer pode ter cheiro e detec\u00e7\u00e3o antecipada; entenda"},"content":{"rendered":"<p>                            <a href=\"https:\/\/img.nsctotal.com.br\/wp-content\/uploads\/2025\/09\/image-40.jpg\" data-caption=\"Novo estudo liga olfato \u00e0 fase precoce de Alzheimer . (Foto: Banco de imagem\/ Reprodu\u00e7\u00e3o)&#010;\" aria-label=\"Novo estudo liga olfato \u00e0 fase precoce de Alzheimer . (Foto: Banco de imagem\/ Reprodu\u00e7\u00e3o)&#010;\" rel=\"nofollow noopener\" target=\"_blank\"><img width=\"944\" height=\"531\" src=\"https:\/\/www.europesays.com\/pt\/wp-content\/uploads\/2025\/09\/image-40-944x531.jpg\" class=\"attachment-custom-large size-custom-large article-featured-image\" alt=\"\" fetchpriority=\"high\" decoding=\"async\"  \/><\/a><\/p>\n<p>Novo estudo liga olfato \u00e0 fase precoce de Alzheimer . (Foto: Banco de imagem\/ Reprodu\u00e7\u00e3o)<\/p>\n<p>Pesquisadores da Universidade de Munique est\u00e3o desenvolvendo estudos que conectam o olfato \u00e0 fase inicial da doen\u00e7a de Alzheimer. Recentemente, uma investiga\u00e7\u00e3o publicada na revista Nature Communications sugere que o nariz poderia ser uma esp\u00e9cie de \u201crastreador acess\u00edvel\u201d para os est\u00e1gios iniciais da doen\u00e7a.<\/p>\n<p>Continua depois da publicidade<\/p>\n<p>Segundo os pesquisadores liderados por Jochen Herms, o estudo tem tr\u00eas frentes de testes: com camundongos, PET scans em pacientes vivos e an\u00e1lise de tecidos cerebrais de pessoas que faleceram com Alzheimer. A pesquisa tem se mostrado promissora nas tr\u00eas vertentes. <a href=\"https:\/\/cbntotal.com.br\/cotidiano\/alzheimer-pode-ter-cheiro-e-deteccao-por-exame-simples-diz-estudo\/\" rel=\"nofollow noopener\" target=\"_blank\"><strong>Leia a reportagem completa em CBN Total. <\/strong><\/a><\/p>\n","protected":false},"excerpt":{"rendered":"Novo estudo liga olfato \u00e0 fase precoce de Alzheimer . (Foto: Banco de imagem\/ Reprodu\u00e7\u00e3o) Pesquisadores da Universidade&hellip;\n","protected":false},"author":2,"featured_media":57827,"comment_status":"","ping_status":"","sticky":false,"template":"","format":"standard","meta":{"footnotes":""},"categories":[86],"tags":[829,116,62,32,33,117],"class_list":{"0":"post-57826","1":"post","2":"type-post","3":"status-publish","4":"format-standard","5":"has-post-thumbnail","7":"category-saude","8":"tag-conteudo-liberado","9":"tag-health","10":"tag-mundo","11":"tag-portugal","12":"tag-pt","13":"tag-saude"},"share_on_mastodon":{"url":"","error":""},"_links":{"self":[{"href":"https:\/\/www.europesays.com\/pt\/wp-json\/wp\/v2\/posts\/57826","targetHints":{"allow":["GET"]}}],"collection":[{"href":"https:\/\/www.europesays.com\/pt\/wp-json\/wp\/v2\/posts"}],"about":[{"href":"https:\/\/www.europesays.com\/pt\/wp-json\/wp\/v2\/types\/post"}],"author":[{"embeddable":true,"href":"https:\/\/www.europesays.com\/pt\/wp-json\/wp\/v2\/users\/2"}],"replies":[{"embeddable":true,"href":"https:\/\/www.europesays.com\/pt\/wp-json\/wp\/v2\/comments?post=57826"}],"version-history":[{"count":0,"href":"https:\/\/www.europesays.com\/pt\/wp-json\/wp\/v2\/posts\/57826\/revisions"}],"wp:featuredmedia":[{"embeddable":true,"href":"https:\/\/www.europesays.com\/pt\/wp-json\/wp\/v2\/media\/57827"}],"wp:attachment":[{"href":"https:\/\/www.europesays.com\/pt\/wp-json\/wp\/v2\/media?parent=57826"}],"wp:term":[{"taxonomy":"category","embeddable":true,"href":"https:\/\/www.europesays.com\/pt\/wp-json\/wp\/v2\/categories?post=57826"},{"taxonomy":"post_tag","embeddable":true,"href":"https:\/\/www.europesays.com\/pt\/wp-json\/wp\/v2\/tags?post=57826"}],"curies":[{"name":"wp","href":"https:\/\/api.w.org\/{rel}","templated":true}]}}