{"id":57828,"date":"2025-09-03T22:57:15","date_gmt":"2025-09-03T22:57:15","guid":{"rendered":"https:\/\/www.europesays.com\/pt\/57828\/"},"modified":"2025-09-03T22:57:15","modified_gmt":"2025-09-03T22:57:15","slug":"significado-do-nome-da-filha-de-ruben-silvestre-e-ana-soares-tem-detalhe-impactante-big-brother","status":"publish","type":"post","link":"https:\/\/www.europesays.com\/pt\/57828\/","title":{"rendered":"Significado do nome da filha de Ruben Silvestre e Ana Soares tem detalhe impactante &#8211; Big Brother"},"content":{"rendered":"<p style=\"margin-bottom:11px\">\u00c9 uma <strong>menina<\/strong>. <strong>Ruben Silvestre<\/strong> e <strong>Ana Soares <\/strong>acabam de confirmar, <a href=\"https:\/\/tvi.iol.pt\/doisas10\/big-brother\/secret-story\/menino-ou-menina-ruben-silvestre-e-ana-soares-revelam-sexo-e-nome-do-bebe-em-direto\" rel=\"nofollow noopener\" target=\"_blank\">em direto no Dois \u00e0s 1<\/a>0, qual \u00e9 o sexo do beb\u00e9 que esperam. O momento foi carregado de emo\u00e7\u00e3o. Ficou tamb\u00e9m a conhecer-se o nome que o casal escolheu.<\/p>\n<p>A beb\u00e9 vai chamar-se Ana Clara, um nome carregado de significado, n\u00e3o s\u00f3 porque Ana \u00e9 o nome da m\u00e3e, mas porque Ana Clara significa \u00abcheia de gra\u00e7a\u00bb., mas tamb\u00e9m algu\u00e9m \u00abbrilhante\u00bb e \u00abilustre\u00bb.<\/p>\n<p>A combina\u00e7\u00e3o de Ana com Clara reflete do\u00e7ura, luminosidade, pureza, intelig\u00eancia e for\u00e7a. \u00abSer pai era o meu maior sonho\u00bb, confidenciou o ex-concorrente da Casa dos Segredos. Recorde-se que o casal vive agora um momento feliz depois de enfrentar o luto de tr\u00eas perdas gestacionais.<\/p>\n<p>O nascimento da menina est\u00e1 previsto para dezembro. Se fosse menino, o nome escolhido teria sido Salvador.<\/p>\n","protected":false},"excerpt":{"rendered":"\u00c9 uma menina. Ruben Silvestre e Ana Soares acabam de confirmar, em direto no Dois \u00e0s 10, qual&hellip;\n","protected":false},"author":2,"featured_media":57829,"comment_status":"","ping_status":"","sticky":false,"template":"","format":"standard","meta":{"footnotes":""},"categories":[85],"tags":[10715,331,48,329,333,328,335,336,114,115,334,332,330,13,32,33,10714,162,227],"class_list":{"0":"post-57828","1":"post","2":"type-post","3":"status-publish","4":"format-standard","5":"has-post-thumbnail","7":"category-entretenimento","8":"tag-ana-soares","9":"tag-big","10":"tag-big-brother","11":"tag-claudio-ramos","12":"tag-comentadores","13":"tag-concorrentes","14":"tag-confrontos","15":"tag-discussoes","16":"tag-entertainment","17":"tag-entretenimento","18":"tag-exclusivos","19":"tag-expulso","20":"tag-gala","21":"tag-noticias","22":"tag-portugal","23":"tag-pt","24":"tag-ruben-silvestre","25":"tag-tvi","26":"tag-videos"},"share_on_mastodon":{"url":"","error":""},"_links":{"self":[{"href":"https:\/\/www.europesays.com\/pt\/wp-json\/wp\/v2\/posts\/57828","targetHints":{"allow":["GET"]}}],"collection":[{"href":"https:\/\/www.europesays.com\/pt\/wp-json\/wp\/v2\/posts"}],"about":[{"href":"https:\/\/www.europesays.com\/pt\/wp-json\/wp\/v2\/types\/post"}],"author":[{"embeddable":true,"href":"https:\/\/www.europesays.com\/pt\/wp-json\/wp\/v2\/users\/2"}],"replies":[{"embeddable":true,"href":"https:\/\/www.europesays.com\/pt\/wp-json\/wp\/v2\/comments?post=57828"}],"version-history":[{"count":0,"href":"https:\/\/www.europesays.com\/pt\/wp-json\/wp\/v2\/posts\/57828\/revisions"}],"wp:featuredmedia":[{"embeddable":true,"href":"https:\/\/www.europesays.com\/pt\/wp-json\/wp\/v2\/media\/57829"}],"wp:attachment":[{"href":"https:\/\/www.europesays.com\/pt\/wp-json\/wp\/v2\/media?parent=57828"}],"wp:term":[{"taxonomy":"category","embeddable":true,"href":"https:\/\/www.europesays.com\/pt\/wp-json\/wp\/v2\/categories?post=57828"},{"taxonomy":"post_tag","embeddable":true,"href":"https:\/\/www.europesays.com\/pt\/wp-json\/wp\/v2\/tags?post=57828"}],"curies":[{"name":"wp","href":"https:\/\/api.w.org\/{rel}","templated":true}]}}