{"id":57832,"date":"2025-09-03T23:02:14","date_gmt":"2025-09-03T23:02:14","guid":{"rendered":"https:\/\/www.europesays.com\/pt\/57832\/"},"modified":"2025-09-03T23:02:14","modified_gmt":"2025-09-03T23:02:14","slug":"benfica-voto-eletronico-surpreende-noronha-lopes","status":"publish","type":"post","link":"https:\/\/www.europesays.com\/pt\/57832\/","title":{"rendered":"Benfica: voto eletr\u00f3nico surpreende Noronha Lopes"},"content":{"rendered":"<p>Jo\u00e3o Noronha Lopes critica a utiliza\u00e7\u00e3o do voto eletr\u00f3nico como modelo de voto no estrangeiro e nas regi\u00f5es Aut\u00f3nomas, prevista na proposta de regulamento eleitoral da dire\u00e7\u00e3o do <a target=\"_blank\" class=\"editor-link autolink-enabled\" href=\"https:\/\/www.abola.pt\/futebol\/benfica-450\" data-resource-id=\"450\" data-resource-type=\"team\" data-sport=\"football\" rel=\"nofollow noopener\">Benfica<\/a>. O candidato \u00e0 presid\u00eancia n\u00e3o esconde a \u00abestupefa\u00e7\u00e3o\u00bb em rela\u00e7\u00e3o ao ponto apresentado e relembra que os novos estatutos, aprovados pelos s\u00f3cios dos encarnados em mar\u00e7o, \u00abn\u00e3o prev\u00eaem o voto eletr\u00f3nico como regra\u00bb.<\/p>\n<p>Noronha Lopes reitera que a prepara\u00e7\u00e3o \u00abcom responsabilidade\u00bb das \u00abelei\u00e7\u00f5es mais participadas da hist\u00f3ria do clube\u00bb devia ser o foco da Mesa da Assembleia Geral, defendendo a \u00abinstala\u00e7\u00e3o de urnas em todo o territ\u00f3rio nacional, e igualmente nas Regi\u00f5es Aut\u00f3nomas, e no estrangeiro\u00bb.<\/p>\n<p>\u00abEm vez de mapear locais de voto, contactar Casas do <a class=\"autolink-enabled\" data-resource-id=\"450\" data-resource-type=\"team\" data-sport=\"football\" href=\"https:\/\/www.abola.pt\/futebol\/benfica-450\" rel=\"nofollow noopener\" target=\"_blank\">Benfica<\/a>, contratar espa\u00e7os e dar aos S\u00f3cios informa\u00e7\u00e3o clara sobre onde poder\u00e3o votar, prefere-se alimentar um folhetim eleitoral com promessas de voto online que n\u00e3o t\u00eam base estatut\u00e1ria nem consenso para avan\u00e7a\u00bb, critica a candidatura encabelada por Noronha Lopes, que se diz dispon\u00edvel para participar na identifica\u00e7\u00e3o de sec\u00e7\u00f5es de voto em Portugal e nao estrangeiro.<\/p>\n<p>\u00abA nossa candidatura j\u00e1 se disponibilizou para ajudar a identificar e garantir mais de 40 sec\u00e7\u00f5es de voto em Portugal e no estrangeiro, como indicado pela MAG em reuni\u00e3o com as candidaturas. At\u00e9 agora, nada se sabe sobre como vai a MAG assegurar que o m\u00e1ximo n\u00famero de s\u00f3cios do Benfica podem participar nas pr\u00f3ximas elei\u00e7\u00f5es. O Benfica precisa de elei\u00e7\u00f5es justas, transparentes, fi\u00e1veis e acess\u00edveis ao maior n\u00famero poss\u00edvel de s\u00f3cios. Da nossa parte tudo faremos para que isso aconte\u00e7a e para que todos os s\u00f3cios de Faro a Vila Real, da Guarda a Ponta Delgada, de Geneve a Newark possam exercer o direito de voto\u00bb, sustenta Noronha Lopes.<\/p>\n<p>Jo\u00e3o Noronha Lopes refor\u00e7a a oposi\u00e7\u00e3o ao voto eletr\u00f3nico para garantir \u00abelei\u00e7\u00f5es justas, transparentes, fi\u00e1veis e acess\u00edveis ao maior n\u00famero poss\u00edvel de s\u00f3cios\u00bb.<\/p>\n<p>Jo\u00e3o Noronha Lopes concorre com Jo\u00e3o Diogo Manteigas, Martim Mayer, Crist\u00f3v\u00e3o Carvalho, Rui Costa e Luis Filipe Vieira nas elei\u00e7\u00f5es do Benfica, agendadas para 25 de outubro.<\/p>\n","protected":false},"excerpt":{"rendered":"Jo\u00e3o Noronha Lopes critica a utiliza\u00e7\u00e3o do voto eletr\u00f3nico como modelo de voto no estrangeiro e nas regi\u00f5es&hellip;\n","protected":false},"author":2,"featured_media":46336,"comment_status":"","ping_status":"","sticky":false,"template":"","format":"standard","meta":{"footnotes":""},"categories":[8],"tags":[27,28,15,16,14,25,26,21,22,12,13,19,20,32,23,24,33,17,18,29,30,31],"class_list":{"0":"post-57832","1":"post","2":"type-post","3":"status-publish","4":"format-standard","5":"has-post-thumbnail","7":"category-principais-noticias","8":"tag-breaking-news","9":"tag-breakingnews","10":"tag-featured-news","11":"tag-featurednews","12":"tag-headlines","13":"tag-latest-news","14":"tag-latestnews","15":"tag-main-news","16":"tag-mainnews","17":"tag-news","18":"tag-noticias","19":"tag-noticias-principais","20":"tag-noticiasprincipais","21":"tag-portugal","22":"tag-principais-noticias","23":"tag-principaisnoticias","24":"tag-pt","25":"tag-top-stories","26":"tag-topstories","27":"tag-ultimas","28":"tag-ultimas-noticias","29":"tag-ultimasnoticias"},"share_on_mastodon":{"url":"","error":""},"_links":{"self":[{"href":"https:\/\/www.europesays.com\/pt\/wp-json\/wp\/v2\/posts\/57832","targetHints":{"allow":["GET"]}}],"collection":[{"href":"https:\/\/www.europesays.com\/pt\/wp-json\/wp\/v2\/posts"}],"about":[{"href":"https:\/\/www.europesays.com\/pt\/wp-json\/wp\/v2\/types\/post"}],"author":[{"embeddable":true,"href":"https:\/\/www.europesays.com\/pt\/wp-json\/wp\/v2\/users\/2"}],"replies":[{"embeddable":true,"href":"https:\/\/www.europesays.com\/pt\/wp-json\/wp\/v2\/comments?post=57832"}],"version-history":[{"count":0,"href":"https:\/\/www.europesays.com\/pt\/wp-json\/wp\/v2\/posts\/57832\/revisions"}],"wp:featuredmedia":[{"embeddable":true,"href":"https:\/\/www.europesays.com\/pt\/wp-json\/wp\/v2\/media\/46336"}],"wp:attachment":[{"href":"https:\/\/www.europesays.com\/pt\/wp-json\/wp\/v2\/media?parent=57832"}],"wp:term":[{"taxonomy":"category","embeddable":true,"href":"https:\/\/www.europesays.com\/pt\/wp-json\/wp\/v2\/categories?post=57832"},{"taxonomy":"post_tag","embeddable":true,"href":"https:\/\/www.europesays.com\/pt\/wp-json\/wp\/v2\/tags?post=57832"}],"curies":[{"name":"wp","href":"https:\/\/api.w.org\/{rel}","templated":true}]}}