{"id":57837,"date":"2025-09-03T23:08:13","date_gmt":"2025-09-03T23:08:13","guid":{"rendered":"https:\/\/www.europesays.com\/pt\/57837\/"},"modified":"2025-09-03T23:08:13","modified_gmt":"2025-09-03T23:08:13","slug":"miley-cyrus-ignora-mais-uma-vez-ideia-de-turne-prefiro-ficar-na-piscina-com-meus-cachorros","status":"publish","type":"post","link":"https:\/\/www.europesays.com\/pt\/57837\/","title":{"rendered":"Miley Cyrus ignora mais uma vez ideia de turn\u00ea: &#8220;Prefiro ficar na piscina com meus cachorros&#8221;"},"content":{"rendered":"<p>Quando o assunto \u00e9 sair em turn\u00ea, <a href=\"https:\/\/portalpopline.com.br\/tag\/miley-cyrus\/\" rel=\"noopener nofollow\" target=\"_blank\"><strong>Miley Cyrus<\/strong><\/a> prefere ficar para sempre no descanso e sombra fresca da era \u201cEndless Summer Vacation\u201d (2023)\u2026 Em uma entrevista recente, a cantora voltou a pregar o discurso de que \u00e9 aversa \u00e0 ideia de cair na estrada com um novo show. \u201cPrefiro ficar na piscina com meus cachorros\u201d, disse <strong>Miley<\/strong>, que fez uma turn\u00ea mundial pela \u00faltima vez em 2014, com o disco \u201cBangerz\u201d (2013).<\/p>\n<p>LEIA MAIS:<\/p>\n<p><img loading=\"lazy\" decoding=\"async\" aria-describedby=\"caption-attachment-996306\" src=\"data:image\/svg+xml,%3Csvg%20xmlns=\" http:=\"\" alt=\"\" width=\"1200\" height=\"904\" class=\"size-full wp-image-996306\" data-lazy- data-lazy- data-lazy-src=\"https:\/\/www.europesays.com\/pt\/wp-content\/uploads\/2025\/09\/1756940892_69_miley-cyrus-ignora-turne-prefiro-ficar-piscina-cachorros-2.jpg\"\/><\/p>\n<p id=\"caption-attachment-996306\" class=\"wp-caption-text\">Foto: SZILVESZTER MAK\u00d3<\/p>\n<p>A voz de \u201cEasy Lover\u201d estampa a capa da mais nova edi\u00e7\u00e3o da revista estadunidense <strong>The Cut<\/strong>, acompanhada do cl\u00e3 feminino de sua fam\u00edlia: a m\u00e3e, <strong>Tish Cyrus<\/strong> e as irm\u00e3s, <strong>Noah<\/strong> e <strong>Brandi Cyrus<\/strong>. Durante entrevista concedida \u00e0 publica\u00e7\u00e3o, <strong>Brandi<\/strong>, que \u00e9 DJ, disse: \u201cSou a primeira artista feminina a fazer uma resid\u00eancia na Sphere [arena de eventos em Las Vegas]. Ent\u00e3o, posso estar cansada, mas n\u00e3o consigo parar. Em turn\u00ea durante esse ver\u00e3o nos EUA, depois sigo para a Austr\u00e1lia\u201d.<\/p>\n<p><strong>Miley<\/strong>, ent\u00e3o, reagiu, deixando claro que n\u00e3o sente falta alguma da correria e cansa\u00e7o de uma s\u00e9rie de shows pelo mundo. \u201cN\u00e3o sinto falta desses dias. Prefiro ficar na piscina com meus cachorros\u201d, disparou a cantora, que optou por fazer shows pontuais de seu \u00faltimo \u00e1lbum, o \u201cSomething Beautiful\u201d (2025).<\/p>\n<blockquote class=\"instagram-media\" data-instgrm-captioned=\"\" data-instgrm-permalink=\"https:\/\/www.instagram.com\/p\/DOGyr-zDaNi\/?utm_source=ig_embed&amp;utm_campaign=loading\" data-instgrm-version=\"14\" style=\" background:#FFF; border:0; border-radius:3px; box-shadow:0 0 1px 0 rgba(0,0,0,0.5),0 1px 10px 0 rgba(0,0,0,0.15); margin: 1px; max-width:740px; min-width:326px; padding:0; width:99.375%; width:-webkit-calc(100% - 2px); width:calc(100% - 2px);\">\n<\/blockquote>\n<p>Miley descarta turn\u00ea, mas pode fazer show comemorativo de \u201cHannah Montana\u201d em 2026<br \/>\n<img loading=\"lazy\" decoding=\"async\" aria-describedby=\"caption-attachment-993288\" src=\"data:image\/svg+xml,%3Csvg%20xmlns=\" http:=\"\" alt=\"\" width=\"1200\" height=\"902\" class=\"size-full wp-image-993288\" data-lazy- data-lazy- data-lazy-src=\"https:\/\/www.europesays.com\/pt\/wp-content\/uploads\/2025\/09\/fas-miley-cyrus-recebem-convite-an-evening-with-hannah-montana.jpg\"\/><\/p>\n<p id=\"caption-attachment-993288\" class=\"wp-caption-text\">Foto: Disney Channel<\/p>\n<p><a href=\"https:\/\/portalpopline.com.br\/miley-cyrus-surpresa-20-anos-hannah-montana\/\" rel=\"noopener nofollow\" target=\"_blank\">Foi s\u00f3 <strong>Miley Cyrus<\/strong> falar que estava preparando uma surpresa para os 20 anos desde a estreia de \u201cHannah Montana\u201d<\/a> que as novidades come\u00e7aram a aparecer\u2026 No final de julho, f\u00e3s da estrela pop foram \u00e0s redes sociais em polvorosa dizer que haviam acabado de receber do <strong>Spotify<\/strong> convites para um evento batizado de \u201cAn Evening With Hannah Montana\u201d (\u201cUma Noite com Hannah Montana\u201d, em portugu\u00eas).<\/p>\n<p><img loading=\"lazy\" decoding=\"async\" aria-describedby=\"caption-attachment-993289\" src=\"data:image\/svg+xml,%3Csvg%20xmlns=\" http:=\"\" alt=\"\" width=\"1200\" height=\"630\" class=\"size-full wp-image-993289\" data-lazy- data-lazy- data-lazy-src=\"https:\/\/www.europesays.com\/pt\/wp-content\/uploads\/2025\/09\/fas-miley-cyrus-recebem-convite-an-evening-with-hannah-montana-2.jpg\"\/><\/p>\n<p id=\"caption-attachment-993289\" class=\"wp-caption-text\">Foto: Disney Channel<\/p>\n<p>O burburinho se espalhou pelo X (antigo Twitter) porque alguns f\u00e3s compartilharam por l\u00e1 um print do e-mail que haviam acabado de receber do Spotify convidando para o evento misterioso. F\u00e3-clubes gringos de <strong>Miley<\/strong>, que tamb\u00e9m alegaram ter recebido o convite, reportaram que a plataforma fez o envio endere\u00e7ado a alguns de seus usu\u00e1rios que mais ouviram o \u201cSomething Beautiful\u201d (2025), o mais recente \u00e1lbum lan\u00e7ado pela artista.<\/p>\n<p>Alguns dos f\u00e3s publicaram que aqueles que n\u00e3o receberam n\u00e3o devem perder as esperan\u00e7as, j\u00e1 que supostamente teriam at\u00e9 2026 para ouvir muito o novo \u00e1lbum de <strong>Miley<\/strong> e, assim, elevar suas chances de descolar um convite para \u201cUma Noite com Hannah Montana\u201d \u2013 que ningu\u00e9m sabe ainda ao certo do que se trata.<\/p>\n<blockquote class=\"twitter-tweet\">\n<p lang=\"en\" dir=\"ltr\">| Invitations to a Hannah Montana event are being sent out by spotify to fans who STREAMED Miley&#8217;s new album SOMETHING BEAUTIFUL! <\/p>\n<p>keep streaming \u2018Something Beautiful\u2019 THE ALBUM until March 2026 to secure one. <a href=\"https:\/\/t.co\/lpjJ2zzJUf\" rel=\"nofollow\">pic.twitter.com\/lpjJ2zzJUf<\/a><\/p>\n<p>\u2014 MileyCyrus PRESS (@CyrusPRESS) <a href=\"https:\/\/twitter.com\/CyrusPRESS\/status\/1950330167995617357?ref_src=twsrc%5Etfw\" rel=\"nofollow noopener\" target=\"_blank\">July 29, 2025<\/a><\/p>\n<\/blockquote>\n<blockquote class=\"twitter-tweet\">\n<p lang=\"en\" dir=\"ltr\"> Apparently invitations to a Hannah Montana event are being sent out by spotify to fans who streamed Miley&#8217;s new album Something Beautiful <a href=\"https:\/\/t.co\/FybKrWLiZf\" rel=\"nofollow\">pic.twitter.com\/FybKrWLiZf<\/a><\/p>\n<p>\u2014 Pete (@mileysickening) <a href=\"https:\/\/twitter.com\/mileysickening\/status\/1950319399916941745?ref_src=twsrc%5Etfw\" rel=\"nofollow noopener\" target=\"_blank\">July 29, 2025<\/a><\/p>\n<\/blockquote>\n<blockquote class=\"twitter-tweet\" data-conversation=\"none\">\n<p lang=\"en\" dir=\"ltr\">um omfg???????????? <a href=\"https:\/\/t.co\/vaShl6tE8V\" rel=\"nofollow\">pic.twitter.com\/vaShl6tE8V<\/a><\/p>\n<p>\u2014 carlie (@mynameiscarlie) <a href=\"https:\/\/twitter.com\/mynameiscarlie\/status\/1950335906449146120?ref_src=twsrc%5Etfw\" rel=\"nofollow noopener\" target=\"_blank\">July 29, 2025<\/a><\/p>\n<\/blockquote>\n<p>O que acontece \u00e9 que a s\u00e9rie<a href=\"https:\/\/portalpopline.com.br\/tag\/hannah-montana\/\" target=\"_blank\" rel=\"noopener nofollow\"><strong> \u201cHannah Montana\u201d<\/strong> <\/a>completar\u00e1 20 anos de seu lan\u00e7amento em 2026. O primeiro epis\u00f3dio do programa,<a title=\"Miley Cyrus como lenda da Disney: relembre a trajet\u00f3ria da artista!\" href=\"https:\/\/portalpopline.com.br\/miley-cyrus-lenda-disney-relembre-trajetoria\/\" target=\"_blank\" rel=\"noopener nofollow\"> que apresentou <strong>Miley Cyrus<\/strong> ao mundo<\/a>, estreou em 24 de mar\u00e7o de 2006 no Disney Channel. <strong>Miley<\/strong>, <a title=\"Miley Cyrus ganhar\u00e1 estrela na Cal\u00e7ada da Fama em 2026\" href=\"https:\/\/portalpopline.com.br\/miley-cyrus-ganhara-estrela-calcada-fama\/\" target=\"_blank\" rel=\"noopener nofollow\">que est\u00e1 para receber uma estrela na Cal\u00e7ada da Fama<\/a>, n\u00e3o quer deixar a data passar em branco e revela que <strong>est\u00e1 preparando uma surpresa para a comemora\u00e7\u00e3o<\/strong>.<\/p>\n<p><img loading=\"lazy\" decoding=\"async\" aria-describedby=\"caption-attachment-992487\" class=\"size-full wp-image-992487\" src=\"data:image\/svg+xml,%3Csvg%20xmlns=\" http:=\"\" alt=\"Miley Cyrus anuncia surpresa para os 20 anos de &quot;Hannah Montana&quot;\" width=\"1500\" height=\"1000\" data-lazy- data-lazy- data-lazy-src=\"https:\/\/www.europesays.com\/pt\/wp-content\/uploads\/2025\/09\/hannah-montana.jpg\"\/><\/p>\n<p id=\"caption-attachment-992487\" class=\"wp-caption-text\">(Foto: Divulga\u00e7\u00e3o)<\/p>\n<p>\u201cQuero fazer algo especial para a data, porque foi o in\u00edcio de tudo que est\u00e1 aqui hoje\u201d, ela diz em entrevista \u00e0 r\u00e1dio SiriusXM, nos Estados Unidos. \u201cSem a Hannah, n\u00e3o existiria eu. \u00c9 louco pensar que comecei como essa personagem, que achava imposs\u00edvel me desvencilhar, e agora ela \u00e9 vista como uma nostalgia ou algo da sua inf\u00e2ncia. Agora estou t\u00e3o integrada na vida das pessoas quanto a personagem\u201d, completa.<\/p>\n<p><strong>\u201cHannah Montana\u201d<\/strong> teve quatro temporadas no Disney Channel at\u00e9 2011. A s\u00e9rie deu origem a um filme-show, que arrecadou US$ 70,6 milh\u00f5es de bilheteria nos cinemas, e um longa-metragem propriamente dito, que bateu US$ 169,2 milh\u00f5es em venda de ingressos. A personagem, com a cara de <strong>Miley<\/strong>, tamb\u00e9m contou com todo tipo de produto licenciado.<\/p>\n<p><img loading=\"lazy\" decoding=\"async\" aria-describedby=\"caption-attachment-992488\" class=\"size-full wp-image-992488\" src=\"data:image\/svg+xml,%3Csvg%20xmlns=\" http:=\"\" alt=\"Miley Cyrus anuncia surpresa para os 20 anos de &quot;Hannah Montana&quot;\" width=\"1200\" height=\"675\" data-lazy- data-lazy- data-lazy-src=\"https:\/\/www.europesays.com\/pt\/wp-content\/uploads\/2025\/09\/hannah-montana-miley-cyrus.jpg\"\/><\/p>\n<p id=\"caption-attachment-992488\" class=\"wp-caption-text\">(Foto: Divulga\u00e7\u00e3o)<\/p>\n<p>Como <strong>Hannah Montana<\/strong>, <strong>Miley Cyrus<\/strong> lan\u00e7ou cinco \u00e1lbuns de est\u00fadio e um \u00e1lbum ao vivo. 20 m\u00fasicas da personagem entraram na Billboard Hot 100 e uma delas, \u201cHe Could Be The One\u201d, entrou no Top 10 da parada. A personagem marcou toda uma gera\u00e7\u00e3o de crian\u00e7as e adolescentes em todo o mundo.<\/p>\n<p><script async src=\"https:\/\/platform.twitter.com\/widgets.js\" charset=\"utf-8\"><\/script><script async src=\"\/\/www.instagram.com\/embed.js\"><\/script><\/p>\n","protected":false},"excerpt":{"rendered":"Quando o assunto \u00e9 sair em turn\u00ea, Miley Cyrus prefere ficar para sempre no descanso e sombra fresca&hellip;\n","protected":false},"author":2,"featured_media":57838,"comment_status":"","ping_status":"","sticky":false,"template":"","format":"standard","meta":{"footnotes":""},"categories":[141],"tags":[16331,3883,16332,114,115,1507,16333,1280,149,150,16334,16335,571,32,16336,33,7465,577],"class_list":{"0":"post-57837","1":"post","2":"type-post","3":"status-publish","4":"format-standard","5":"has-post-thumbnail","7":"category-musica","8":"tag-cansada","9":"tag-criticas","10":"tag-descanso","11":"tag-entertainment","12":"tag-entretenimento","13":"tag-fas","14":"tag-ignora-ideia","15":"tag-miley-cyrus","16":"tag-music","17":"tag-musica","18":"tag-nao-quer","19":"tag-palcos","20":"tag-plantao","21":"tag-portugal","22":"tag-prefiro-ficar-na-piscina","23":"tag-pt","24":"tag-shows","25":"tag-turne"},"share_on_mastodon":{"url":"","error":""},"_links":{"self":[{"href":"https:\/\/www.europesays.com\/pt\/wp-json\/wp\/v2\/posts\/57837","targetHints":{"allow":["GET"]}}],"collection":[{"href":"https:\/\/www.europesays.com\/pt\/wp-json\/wp\/v2\/posts"}],"about":[{"href":"https:\/\/www.europesays.com\/pt\/wp-json\/wp\/v2\/types\/post"}],"author":[{"embeddable":true,"href":"https:\/\/www.europesays.com\/pt\/wp-json\/wp\/v2\/users\/2"}],"replies":[{"embeddable":true,"href":"https:\/\/www.europesays.com\/pt\/wp-json\/wp\/v2\/comments?post=57837"}],"version-history":[{"count":0,"href":"https:\/\/www.europesays.com\/pt\/wp-json\/wp\/v2\/posts\/57837\/revisions"}],"wp:featuredmedia":[{"embeddable":true,"href":"https:\/\/www.europesays.com\/pt\/wp-json\/wp\/v2\/media\/57838"}],"wp:attachment":[{"href":"https:\/\/www.europesays.com\/pt\/wp-json\/wp\/v2\/media?parent=57837"}],"wp:term":[{"taxonomy":"category","embeddable":true,"href":"https:\/\/www.europesays.com\/pt\/wp-json\/wp\/v2\/categories?post=57837"},{"taxonomy":"post_tag","embeddable":true,"href":"https:\/\/www.europesays.com\/pt\/wp-json\/wp\/v2\/tags?post=57837"}],"curies":[{"name":"wp","href":"https:\/\/api.w.org\/{rel}","templated":true}]}}