{"id":57847,"date":"2025-09-03T23:17:06","date_gmt":"2025-09-03T23:17:06","guid":{"rendered":"https:\/\/www.europesays.com\/pt\/57847\/"},"modified":"2025-09-03T23:17:06","modified_gmt":"2025-09-03T23:17:06","slug":"sporting-nega-alegacoes-de-st-juste-foi-informado-ao-almoco-o-jogo","status":"publish","type":"post","link":"https:\/\/www.europesays.com\/pt\/57847\/","title":{"rendered":"Sporting nega alega\u00e7\u00f5es de St. Juste: foi informado ao almo\u00e7o &#8211; O Jogo"},"content":{"rendered":"<ol>\n<li><a href=\"https:\/\/news.google.com\/rss\/articles\/CBMilwFBVV95cUxNdWJUa1l1aTNQS1d6MEd2MWJINHROd3FsNFNMVnhZU3VkckRoaS00OEdpOWlBS2gzbDI2OHpWeS1qU0dNMElyM1kzT2FxU0NpeUZ2RWVQRG9VekpySThYN0NnZXdxWmlRbDlIOEd1QWl0RjV6UGN2ZmxXUmNLQ0JtRHFrQ3VwS3VTaW5DWUw5bFlySTdwM2h3?oc=5\" target=\"_blank\" rel=\"nofollow noopener\">Sporting nega alega\u00e7\u00f5es de St. Juste: foi informado ao almo\u00e7o<\/a>&nbsp;&nbsp;O Jogo<\/li>\n<li><a href=\"https:\/\/news.google.com\/rss\/articles\/CBMixwFBVV95cUxOOHlCczI5ZkdmdlFpM3JBOWxiMzB2T0dxX1k2NXpWLVE0cjlwUmJYQ3lldlYydl93dkdURUxIREsxajM2MWpjc3NsSnFSNl9mYk41VllLQmVuRTBJQURpaFExaldWYzVtQnkzZms0NnlYMnRhS2xSMmdBQTNQbUdDeUtmYmpTQmZMaU9yc1ZJQVZybzRlQ0xKdFVhR0ZnZ3JmYVh2Z1dZMmJfTEhnWGN2Xy1TYkotbTJWUzlUMXkyaS1QSktzQjdv?oc=5\" target=\"_blank\" rel=\"nofollow noopener\">St. Juste reage ao afastamento da equipa principal do Sporting: \u00abS\u00f3 pe\u00e7o respeito\u00bb<\/a>&nbsp;&nbsp;A Bola<\/li>\n<li><a href=\"https:\/\/news.google.com\/rss\/articles\/CBMikgFBVV95cUxQWEU3TU5PWGNEdGpnb2xqMS0yMndJLUpxcjJSZGxLWHZTOTNTSWRIYW85cHZiU3F4Z25oUTZIQVlfTC0ycE1jX3dZTXFWdnREdWo5cVliRXgyMFpKM2hSYkFuakNXcjJETzFObTBKRVdEZTlDdHBLVlc0SVN6NEFrbmZPSHA5RlRqX2NRRC1OTTFoZw?oc=5\" target=\"_blank\" rel=\"nofollow noopener\">18h30 Edi\u00e7\u00e3o Valter Madureira<\/a>&nbsp;&nbsp;RTP<\/li>\n<li><a href=\"https:\/\/news.google.com\/rss\/articles\/CBMi9wFBVV95cUxNVnkxMktiYWxXaGt2WER3aDhrcHpOV21qLWttdzhlNkFJZFIyYkNhUkc0VVZoZzBKUTFNSk5TMFZMNlBEN2haMkVHVy1lNHpOelQ1eHRKdERYSnhsSkQzOUtLbmFmRlp4RVFRRUw3WmhZNGR4aXhSM1JwX3luaDQ2VktFNzlRN1JoUHpNckV5Ui16c2g4X1FONlRHOTVxMXU5c1N6c3BWQXJEbUxPRHNsSXJEWDJib1ItbjAwREFnY1dIaVVULXpldHpLS2g0dGxVQm0xeDF3WkdJLVBpb0FrVk5URVZGVHBTbEpvTzNMRlBRWC1ZSHYw?oc=5\" target=\"_blank\" rel=\"nofollow noopener\">Diogo Leite ficou no U. Berlim e acabou por inviabilizar a sa\u00edda de St. Juste do Sporting<\/a>&nbsp;&nbsp;Record<\/li>\n<li><a href=\"https:\/\/news.google.com\/rss\/articles\/CBMiuwFBVV95cUxQbEo4RWlJNUt6TEx4cXFSX1dOQVh3TmstdmRSVGVQaEthZ25UaWphdmlXRDFNYmVMR0lYcDFDcW1TbFVsWGVVVDQ1UVBhbkVLSVotWE9wNF9WU3dsUjhfY3hwMnVPRzZaSmIwdzFScXVLY0dpVEstYXA4ODZ1WTE4VzZrT0NVTldZMHVBMUMxQU5MNkVSQVBrVlpqQTBNdXlxNjFMRExycF8wSDN0VlY5Q2I0b192QW5SRUcw?oc=5\" target=\"_blank\" rel=\"nofollow noopener\">O futuro de Jeremiah St. Juste ap\u00f3s ter dado negas a dois clubes<\/a>&nbsp;&nbsp;Bola na Rede<\/li>\n<\/ol>\n","protected":false},"excerpt":{"rendered":"Sporting nega alega\u00e7\u00f5es de St. Juste: foi informado ao almo\u00e7o&nbsp;&nbsp;O Jogo St. Juste reage ao afastamento da equipa&hellip;\n","protected":false},"author":2,"featured_media":46477,"comment_status":"","ping_status":"","sticky":false,"template":"","format":"standard","meta":{"footnotes":""},"categories":[8],"tags":[27,28,15,16,14,25,26,21,22,12,13,19,20,32,23,24,33,17,18,29,30,31],"class_list":{"0":"post-57847","1":"post","2":"type-post","3":"status-publish","4":"format-standard","5":"has-post-thumbnail","7":"category-principais-noticias","8":"tag-breaking-news","9":"tag-breakingnews","10":"tag-featured-news","11":"tag-featurednews","12":"tag-headlines","13":"tag-latest-news","14":"tag-latestnews","15":"tag-main-news","16":"tag-mainnews","17":"tag-news","18":"tag-noticias","19":"tag-noticias-principais","20":"tag-noticiasprincipais","21":"tag-portugal","22":"tag-principais-noticias","23":"tag-principaisnoticias","24":"tag-pt","25":"tag-top-stories","26":"tag-topstories","27":"tag-ultimas","28":"tag-ultimas-noticias","29":"tag-ultimasnoticias"},"share_on_mastodon":{"url":"","error":""},"_links":{"self":[{"href":"https:\/\/www.europesays.com\/pt\/wp-json\/wp\/v2\/posts\/57847","targetHints":{"allow":["GET"]}}],"collection":[{"href":"https:\/\/www.europesays.com\/pt\/wp-json\/wp\/v2\/posts"}],"about":[{"href":"https:\/\/www.europesays.com\/pt\/wp-json\/wp\/v2\/types\/post"}],"author":[{"embeddable":true,"href":"https:\/\/www.europesays.com\/pt\/wp-json\/wp\/v2\/users\/2"}],"replies":[{"embeddable":true,"href":"https:\/\/www.europesays.com\/pt\/wp-json\/wp\/v2\/comments?post=57847"}],"version-history":[{"count":0,"href":"https:\/\/www.europesays.com\/pt\/wp-json\/wp\/v2\/posts\/57847\/revisions"}],"wp:featuredmedia":[{"embeddable":true,"href":"https:\/\/www.europesays.com\/pt\/wp-json\/wp\/v2\/media\/46477"}],"wp:attachment":[{"href":"https:\/\/www.europesays.com\/pt\/wp-json\/wp\/v2\/media?parent=57847"}],"wp:term":[{"taxonomy":"category","embeddable":true,"href":"https:\/\/www.europesays.com\/pt\/wp-json\/wp\/v2\/categories?post=57847"},{"taxonomy":"post_tag","embeddable":true,"href":"https:\/\/www.europesays.com\/pt\/wp-json\/wp\/v2\/tags?post=57847"}],"curies":[{"name":"wp","href":"https:\/\/api.w.org\/{rel}","templated":true}]}}