{"id":57848,"date":"2025-09-03T23:18:10","date_gmt":"2025-09-03T23:18:10","guid":{"rendered":"https:\/\/www.europesays.com\/pt\/57848\/"},"modified":"2025-09-03T23:18:10","modified_gmt":"2025-09-03T23:18:10","slug":"rafa-brites-expoe-trauma-apos-ser-perseguida-por-homem-nos-eua","status":"publish","type":"post","link":"https:\/\/www.europesays.com\/pt\/57848\/","title":{"rendered":"Rafa Brites exp\u00f5e trauma ap\u00f3s ser perseguida por homem nos EUA"},"content":{"rendered":"<p>Rafa Brites recorreu aos stories do Instagram para desabafar sobre uma situa\u00e7\u00e3o\u00a0traum\u00e1tica que viveu no final de 2024, quando, em uma viagem aos Estados Unidos a trabalho, foi perseguida por um homem dentro de um hotel em Nova York.<\/p>\n<p>continua depois da publicidade<\/p>\n<p>A esposa de Felipe Andreoli cruzou com o\u00a0indiv\u00edduo\u00a0dentro do elevador. Durante o trajeto, <a href=\"https:\/\/natelinha.uol.com.br\/famosos\/tudo-sobre\/rafa-brites\" rel=\"nofollow noopener\" target=\"_blank\">Rafa Brites<\/a>\u00a0percebeu que o desconhecido n\u00e3o acionou o andar em que desceria, o que a fez desconfiar da situa\u00e7\u00e3o.<\/p>\n<p>+ <a href=\"https:\/\/natelinha.uol.com.br\/famosos\/2025\/09\/03\/ticiane-pinheiro-abre-o-jogo-sobre-futuro-na-record-e-mudanca-para-o-rio-230806.php\" rel=\"nofollow noopener\" target=\"_blank\">Ticiane Pinheiro abre o jogo sobre futuro na Record e mudan\u00e7a para o Rio<\/a><\/p>\n<p>+ <a href=\"https:\/\/natelinha.uol.com.br\/famosos\/2025\/09\/03\/angelica-revela-regra-que-mudou-completamente-a-relacao-com-os-filhos-230781.php\" rel=\"nofollow noopener\" target=\"_blank\">Ang\u00e9lica revela regra que mudou completamente a rela\u00e7\u00e3o com os filhos<\/a><\/p>\n<p>&#8220;Quando chegou no meu andar, eu desci e ele desceu atr\u00e1s de mim. Corredor vazio, aquele monte de quarto. Ele n\u00e3o foi para lugar nenhum&#8221;, relembrou a apresentadora da Record, que relatou que o homem n\u00e3o entrou em nenhum quarto e ficou parado em frente a uma janela no corredor.<\/p>\n<p>continua depois da publicidade<\/p>\n<p>&#8220;Se esse cara vai atr\u00e1s de mim e eu abro a minha porta e ele me empurra para dentro do meu quarto. Nova York, onze da noite, ningu\u00e9m nunca vai saber&#8221;, compartilhou Rafa.<\/p>\n<p>Rafa Brites viveu momentos de tens\u00e3o<\/p>\n<p><img decoding=\"async\" loading=\"lazy\" class=\"horizontal\" src=\"https:\/\/www.europesays.com\/pt\/wp-content\/uploads\/2025\/09\/rafa-brites_5009.jpeg\" alt=\"Rafa Brites exp\u00f5e trauma ap\u00f3s ser perseguida por homem nos EUA\"\/><\/p>\n<p>Assustada com a situa\u00e7\u00e3o, Rafa Brites decidiu n\u00e3o entrar em seu quarto e chamar o elevador novamente para descer at\u00e9 a recep\u00e7\u00e3o do hotel. Ela, ent\u00e3o, pediu ajuda a um funcion\u00e1rio. &#8220;A gente viu que ele estava no sexto, que ele n\u00e3o estava no meu andar&#8221;, revelou.<\/p>\n<p>A apresentadora aproveitou o relato para dar algumas dicas a outras mulheres. &#8220;Quando algu\u00e9m descer no seu andar do hotel, espere essa pessoa entrar primeiro no quarto dela. Enrole e deixa essa pessoa entrar, depois voc\u00ea entra&#8221;, aconselhou.<\/p>\n<p>continua depois da publicidade<\/p>\n<p>Por fim, Brites\u00a0confidenciou\u00a0que passou a evitar a hospedagem em grandes hot\u00e9is. &#8220;Fiquei com muito medo que a hora que eu fosse entrar, ele me empurrasse para dentro do quarto. Peguei esse trauma de ficar em um hotel grande. A gente, infelizmente, n\u00e3o est\u00e1 segura em lugar nenhum&#8221;,\u00a0concluiu.<\/p>\n","protected":false},"excerpt":{"rendered":"Rafa Brites recorreu aos stories do Instagram para desabafar sobre uma situa\u00e7\u00e3o\u00a0traum\u00e1tica que viveu no final de 2024,&hellip;\n","protected":false},"author":2,"featured_media":57849,"comment_status":"","ping_status":"","sticky":false,"template":"","format":"standard","meta":{"footnotes":""},"categories":[145],"tags":[211,210,114,115,32,33,8432],"class_list":{"0":"post-57848","1":"post","2":"type-post","3":"status-publish","4":"format-standard","5":"has-post-thumbnail","7":"category-celebridades","8":"tag-celebridades","9":"tag-celebrities","10":"tag-entertainment","11":"tag-entretenimento","12":"tag-portugal","13":"tag-pt","14":"tag-rafa-brites"},"share_on_mastodon":{"url":"","error":""},"_links":{"self":[{"href":"https:\/\/www.europesays.com\/pt\/wp-json\/wp\/v2\/posts\/57848","targetHints":{"allow":["GET"]}}],"collection":[{"href":"https:\/\/www.europesays.com\/pt\/wp-json\/wp\/v2\/posts"}],"about":[{"href":"https:\/\/www.europesays.com\/pt\/wp-json\/wp\/v2\/types\/post"}],"author":[{"embeddable":true,"href":"https:\/\/www.europesays.com\/pt\/wp-json\/wp\/v2\/users\/2"}],"replies":[{"embeddable":true,"href":"https:\/\/www.europesays.com\/pt\/wp-json\/wp\/v2\/comments?post=57848"}],"version-history":[{"count":0,"href":"https:\/\/www.europesays.com\/pt\/wp-json\/wp\/v2\/posts\/57848\/revisions"}],"wp:featuredmedia":[{"embeddable":true,"href":"https:\/\/www.europesays.com\/pt\/wp-json\/wp\/v2\/media\/57849"}],"wp:attachment":[{"href":"https:\/\/www.europesays.com\/pt\/wp-json\/wp\/v2\/media?parent=57848"}],"wp:term":[{"taxonomy":"category","embeddable":true,"href":"https:\/\/www.europesays.com\/pt\/wp-json\/wp\/v2\/categories?post=57848"},{"taxonomy":"post_tag","embeddable":true,"href":"https:\/\/www.europesays.com\/pt\/wp-json\/wp\/v2\/tags?post=57848"}],"curies":[{"name":"wp","href":"https:\/\/api.w.org\/{rel}","templated":true}]}}