{"id":57860,"date":"2025-09-03T23:31:13","date_gmt":"2025-09-03T23:31:13","guid":{"rendered":"https:\/\/www.europesays.com\/pt\/57860\/"},"modified":"2025-09-03T23:31:13","modified_gmt":"2025-09-03T23:31:13","slug":"jeremiah-st-juste-regressa-as-opcoes-de-rui-borges-em-treino-do-sporting-com-6-novidades-da-equipa-b-e-19-ausencias","status":"publish","type":"post","link":"https:\/\/www.europesays.com\/pt\/57860\/","title":{"rendered":"Jeremiah St. Juste regressa \u00e0s op\u00e7\u00f5es de Rui Borges em treino do Sporting com 6 novidades da equipa B e 19 aus\u00eancias"},"content":{"rendered":"<p><strong>O Sporting regressou aos treinos em Alcochete esta quarta-feira. Rui Borges chamou novidades para fazer face \u00e0s les\u00f5es e jogadores nas sele\u00e7\u00f5es.  <\/strong><\/p>\n<p>O Sporting voltou aos treinos esta quarta-feira depois de tr\u00eas dias de folga. O grupo \u00e0s ordens de Rui Borges contou com Jeremiah St. Juste integrado e dispon\u00edvel.<\/p>\n<p>Apesar da possibilidade de sa\u00edda ter sido levantada no mercado, o defesa continuou em Alvalade e <a href=\"https:\/\/bolanarede.pt\/especial-bola-na-rede\/atualidade\/o-futuro-de-jeremiah-st-juste-apos-ter-dado-negas-a-dois-clubes\/\" target=\"_blank\" rel=\"noreferrer noopener nofollow\">a hip\u00f3tese mais alta \u00e9 fazer o resto da temporada no clube<\/a>. Deste modo, o neerland\u00eas esteve na lista de op\u00e7\u00f5es de Rui Borges que, como natural, contou com um grupo bem diferente. <\/p>\n<p>Rafael Besugo, Samuel Justo, Bruno Ramos, Lucas Anjos, Rafael Nel e Rodrigo Dias foram chamados por Rui Borges ao treino que, entre cinco jogadores lesionados e 14 nomes nas sele\u00e7\u00f5es, n\u00e3o p\u00f4de contar com 19 op\u00e7\u00f5es. <\/p>\n<p>Nuno Santos, Daniel Bragan\u00e7a, Maxi Ara\u00fajo, Ousmane Diomande e Hidemasa Morita estiveram entregues \u00e0 unidade de performance.Rui Silva, Francisco Trinc\u00e3o, Pedro Gon\u00e7alves e Gon\u00e7alo In\u00e1cio (Portugal), Fotis Ioannidis e Georgios Vagiannidis (Gr\u00e9cia), Zeno Debast (B\u00e9lgica), Giorgi Kochorashvili (G\u00e9orgia), Morten Hjulmand (Dinamarca), Luis Su\u00e1rez (Col\u00f4mbia), Geny Catamo (Mo\u00e7ambique), Geovany Quenda (Portugal sub-21), Rodrigo Ribeiro (Portugal sub-20) e Jo\u00e3o Sim\u00f5es (Portugal sub-19) estiveram nas sele\u00e7\u00f5es.  <\/p>\n","protected":false},"excerpt":{"rendered":"O Sporting regressou aos treinos em Alcochete esta quarta-feira. Rui Borges chamou novidades para fazer face \u00e0s les\u00f5es&hellip;\n","protected":false},"author":2,"featured_media":57861,"comment_status":"","ping_status":"","sticky":false,"template":"","format":"standard","meta":{"footnotes":""},"categories":[8],"tags":[260,27,28,15,16,14,9011,25,26,21,22,12,13,19,20,32,479,23,24,33,3880,34,17,18,29,30,31],"class_list":{"0":"post-57860","1":"post","2":"type-post","3":"status-publish","4":"format-standard","5":"has-post-thumbnail","7":"category-principais-noticias","8":"tag-atualidade","9":"tag-breaking-news","10":"tag-breakingnews","11":"tag-featured-news","12":"tag-featurednews","13":"tag-headlines","14":"tag-jeremiah-st-juste","15":"tag-latest-news","16":"tag-latestnews","17":"tag-main-news","18":"tag-mainnews","19":"tag-news","20":"tag-noticias","21":"tag-noticias-principais","22":"tag-noticiasprincipais","23":"tag-portugal","24":"tag-primeira-liga","25":"tag-principais-noticias","26":"tag-principaisnoticias","27":"tag-pt","28":"tag-rui-borges","29":"tag-sporting","30":"tag-top-stories","31":"tag-topstories","32":"tag-ultimas","33":"tag-ultimas-noticias","34":"tag-ultimasnoticias"},"share_on_mastodon":{"url":"","error":""},"_links":{"self":[{"href":"https:\/\/www.europesays.com\/pt\/wp-json\/wp\/v2\/posts\/57860","targetHints":{"allow":["GET"]}}],"collection":[{"href":"https:\/\/www.europesays.com\/pt\/wp-json\/wp\/v2\/posts"}],"about":[{"href":"https:\/\/www.europesays.com\/pt\/wp-json\/wp\/v2\/types\/post"}],"author":[{"embeddable":true,"href":"https:\/\/www.europesays.com\/pt\/wp-json\/wp\/v2\/users\/2"}],"replies":[{"embeddable":true,"href":"https:\/\/www.europesays.com\/pt\/wp-json\/wp\/v2\/comments?post=57860"}],"version-history":[{"count":0,"href":"https:\/\/www.europesays.com\/pt\/wp-json\/wp\/v2\/posts\/57860\/revisions"}],"wp:featuredmedia":[{"embeddable":true,"href":"https:\/\/www.europesays.com\/pt\/wp-json\/wp\/v2\/media\/57861"}],"wp:attachment":[{"href":"https:\/\/www.europesays.com\/pt\/wp-json\/wp\/v2\/media?parent=57860"}],"wp:term":[{"taxonomy":"category","embeddable":true,"href":"https:\/\/www.europesays.com\/pt\/wp-json\/wp\/v2\/categories?post=57860"},{"taxonomy":"post_tag","embeddable":true,"href":"https:\/\/www.europesays.com\/pt\/wp-json\/wp\/v2\/tags?post=57860"}],"curies":[{"name":"wp","href":"https:\/\/api.w.org\/{rel}","templated":true}]}}