{"id":57864,"date":"2025-09-03T23:38:11","date_gmt":"2025-09-03T23:38:11","guid":{"rendered":"https:\/\/www.europesays.com\/pt\/57864\/"},"modified":"2025-09-03T23:38:11","modified_gmt":"2025-09-03T23:38:11","slug":"tiveram-de-perder-o-melhor-para-se-tornarem-uma-equipa-observador","status":"publish","type":"post","link":"https:\/\/www.europesays.com\/pt\/57864\/","title":{"rendered":"Tiveram de perder o melhor para se tornarem uma equipa \u2013 Observador"},"content":{"rendered":"<p>Era o jogo do tudo ou nada. Depois da vit\u00f3ria inaugural contra a Rep\u00fablica Checa, Portugal perdeu com S\u00e9rvia, Turquia e Let\u00f3nia na fase de grupos do Campeonato da Europa de basquetebol e estava <strong>completamente obrigado a vencer a Est\u00f3nia para seguir para os oitavos de final da competi\u00e7\u00e3o.<\/strong> Do outro lado, por\u00e9m, estava uma equipa que tinha de fazer exatamente o mesmo para alcan\u00e7ar exatamente o mesmo objetivo.<\/p>\n<p>Na antevis\u00e3o da partida, o selecionador nacional n\u00e3o tinha d\u00favidas de que era poss\u00edvel seguir em frente. \u201cDemos o primeiro passo no primeiro jogo, <strong>falta-nos dar o segundo para atingir o objetivo e \u00e9 nisso que temos de nos focar.<\/strong> Vai decidir se atingimos a nossa meta ou n\u00e3o e, tal como disse aos jogadores, temos de encarar isto como uma partida que vai para prolongamento\u201d, come\u00e7ou por explicar M\u00e1rio Gomes.<\/p>\n<blockquote class=\"wp-embedded-content\" data-secret=\"R9O37sdvZu\">\n<p><a href=\"https:\/\/observador.pt\/2025\/09\/01\/o-show-de-porzingis-num-periodo-que-marcou-o-resto-portugal-perde-com-letonia-e-vai-fazer-final-com-estonia-no-europeu\/\" rel=\"nofollow noopener\" target=\"_blank\">O show de Porzingis num per\u00edodo que marcou o resto: Portugal perde com Let\u00f3nia e vai fazer \u201cfinal\u201d com Est\u00f3nia no Europeu<\/a><\/p>\n<\/blockquote>\n<p>\u201cO jogo est\u00e1 empatado, agora \u00e9 preciso jogar o resto. <strong>O estado de esp\u00edrito da equipa \u00e9 bom, n\u00e3o pode ser outro. Eles t\u00eam no\u00e7\u00e3o disso.<\/strong> Sempre definimos que o mais importante ao logo da competi\u00e7\u00e3o era reagir sempre, independentemente de correr melhor ou pior, de modo a que se cheg\u00e1ssemos ao \u00faltimo jogo a n\u00e3o depender de ningu\u00e9m para decidir as coisas. \u00c9 o que vai acontecer e continuo confiante de que a equipa pode consegui-lo porque temos essa capacidade\u201d, acrescentou o treinador, que podia levar Portugal aos oitavos de final do EuroBasket pela primeira vez desde 2007.<\/p>\n<p>Assim, na Xiaomi Arena de Riga, a capital da Let\u00f3nia, Portugal entrava em campo com Diogo Ventura, Diogo Brito, Travante Williams, Miguel Queiroz e Neemias Queta, sendo que o segundo, a par de Rafael Lisboa e Francisco Amarante, atingia esta quarta-feira as 50 internacionaliza\u00e7\u00f5es. <strong>O jogo chegou empatado ao final do primeiro quarto (14-14),<\/strong> com a Est\u00f3nia a mostrar-se muito preocupada com Neemias Queta e a anular o poste dos Boston Celtics, que chegou ao fim dos dez minutos iniciais com apenas um ponto.<\/p>\n<blockquote class=\"twitter-tweet\" data-width=\"500\" data-dnt=\"true\">\n<p lang=\"en\" dir=\"ltr\">That jumpshot from <a href=\"https:\/\/twitter.com\/nemi1599?ref_src=twsrc%5Etfw\" rel=\"nofollow noopener\" target=\"_blank\">@nemi1599<\/a> \u2728????????<\/p>\n<p>????\u25b6\ufe0f RTP2 <a href=\"https:\/\/twitter.com\/hashtag\/SomosBasquetebol?src=hash&amp;ref_src=twsrc%5Etfw\" rel=\"nofollow noopener\" target=\"_blank\">#SomosBasquetebol<\/a> <a href=\"https:\/\/twitter.com\/hashtag\/GigantesDePortugal?src=hash&amp;ref_src=twsrc%5Etfw\" rel=\"nofollow noopener\" target=\"_blank\">#GigantesDePortugal<\/a> <a href=\"https:\/\/twitter.com\/hashtag\/OsLinces?src=hash&amp;ref_src=twsrc%5Etfw\" rel=\"nofollow noopener\" target=\"_blank\">#OsLinces<\/a> <a href=\"https:\/\/twitter.com\/hashtag\/EuroBasket?src=hash&amp;ref_src=twsrc%5Etfw\" rel=\"nofollow noopener\" target=\"_blank\">#EuroBasket<\/a> <a href=\"https:\/\/twitter.com\/hashtag\/MakeYourMark?src=hash&amp;ref_src=twsrc%5Etfw\" rel=\"nofollow noopener\" target=\"_blank\">#MakeYourMark<\/a> <a href=\"https:\/\/t.co\/nYZ0HSAyCa\" rel=\"nofollow\">pic.twitter.com\/nYZ0HSAyCa<\/a><\/p>\n<p>\u2014 Basquetebol Portugal (@fpbasquetebol) <a href=\"https:\/\/twitter.com\/fpbasquetebol\/status\/1963221165926719815?ref_src=twsrc%5Etfw\" rel=\"nofollow noopener\" target=\"_blank\">September 3, 2025<\/a><\/p>\n<\/blockquote>\n<p>Portugal sofreu no in\u00edcio do segundo per\u00edodo,<strong> demorando mais de tr\u00eas minutos a registar os primeiros pontos,<\/strong> e chegou a ter sete pontos de desvantagem. A recupera\u00e7\u00e3o come\u00e7ou j\u00e1 na segunda parte do quarto e a Sele\u00e7\u00e3o Nacional chegou mesmo a empatar e a impedir que a Est\u00f3nia marcasse durante quatro minutos. Ao intervalo, por\u00e9m, os est\u00f3nios estavam a vencer por cinco pontos (32-27).<\/p>\n<p>Neemias Queta foi exclu\u00eddo no terceiro per\u00edodo devido a duas faltas t\u00e9cnicas e depressa se percebeu que, apesar de fazer sempre falta,<strong> a aus\u00eancia do poste podia ser uma boa not\u00edcia para Portugal \u2014 <\/strong>a Est\u00f3nia tinha a li\u00e7\u00e3o estudada para apagar o jogador dos Boston Celtics e, sem essa refer\u00eancia perdeu-se. Assim, Portugal conseguiu mesmo dar a volta ao marcador e chegou ao fim do terceiro quarto j\u00e1 a vencer (45-47).<\/p>\n<blockquote class=\"twitter-tweet\" data-width=\"500\" data-dnt=\"true\">\n<p lang=\"en\" dir=\"ltr\">GET THAT ON A POSTER ????????????????????<\/p>\n<p>????\u25b6\ufe0f RTP2<a href=\"https:\/\/twitter.com\/hashtag\/SomosBasquetebol?src=hash&amp;ref_src=twsrc%5Etfw\" rel=\"nofollow noopener\" target=\"_blank\">#SomosBasquetebol<\/a> <a href=\"https:\/\/twitter.com\/hashtag\/GigantesDePortugal?src=hash&amp;ref_src=twsrc%5Etfw\" rel=\"nofollow noopener\" target=\"_blank\">#GigantesDePortugal<\/a> <a href=\"https:\/\/twitter.com\/hashtag\/OsLinces?src=hash&amp;ref_src=twsrc%5Etfw\" rel=\"nofollow noopener\" target=\"_blank\">#OsLinces<\/a> <a href=\"https:\/\/twitter.com\/hashtag\/EuroBasket?src=hash&amp;ref_src=twsrc%5Etfw\" rel=\"nofollow noopener\" target=\"_blank\">#EuroBasket<\/a> <a href=\"https:\/\/twitter.com\/hashtag\/MakeYourMark?src=hash&amp;ref_src=twsrc%5Etfw\" rel=\"nofollow noopener\" target=\"_blank\">#MakeYourMark<\/a> <a href=\"https:\/\/t.co\/jlbTvavLDY\" rel=\"nofollow\">pic.twitter.com\/jlbTvavLDY<\/a><\/p>\n<p>\u2014 Basquetebol Portugal (@fpbasquetebol) <a href=\"https:\/\/twitter.com\/fpbasquetebol\/status\/1963231287960871257?ref_src=twsrc%5Etfw\" rel=\"nofollow noopener\" target=\"_blank\">September 3, 2025<\/a><\/p>\n<\/blockquote>\n<p>A Sele\u00e7\u00e3o Nacional conseguiu manter-se na dianteira no derradeiro per\u00edodo, chegando mesmo a ter uns in\u00e9ditos sete pontos de vantagem, mas o advers\u00e1rio respondeu ao melhor per\u00edodo portugu\u00eas e soube mesmo carimbar a reviravolta a minuto e meio do fim. Rafael Lisboa reagiu com um triplo brutal, converteu os quatro lances livres decisivos e foi her\u00f3i para fazer hist\u00f3ria: <strong>Portugal venceu a Est\u00f3nia no jogo decisivo (65-68),<\/strong> ficou no quarto lugar do Grupo A com dois triunfos em cinco jornadas e garantiu o apuramento para os oitavos de final do Campeonato da Europa de basquetebol pela primeira vez desde 2007. Na pr\u00f3xima ronda, muito provavelmente, o advers\u00e1rio ser\u00e1 a Alemanha.<\/p>\n<blockquote class=\"twitter-tweet\" data-width=\"500\" data-dnt=\"true\">\n<p lang=\"pt\" dir=\"ltr\">???? ???????????????????????????? ???????????? ????????????????????????????! ???????????? ???????????????? ???????????? ????????????????, ????????????????????????! ???????????????????????? <a href=\"https:\/\/twitter.com\/hashtag\/SomosBasquetebol?src=hash&amp;ref_src=twsrc%5Etfw\" rel=\"nofollow noopener\" target=\"_blank\">#SomosBasquetebol<\/a> <a href=\"https:\/\/twitter.com\/hashtag\/GigantesDePortugal?src=hash&amp;ref_src=twsrc%5Etfw\" rel=\"nofollow noopener\" target=\"_blank\">#GigantesDePortugal<\/a> <a href=\"https:\/\/twitter.com\/hashtag\/OsLinces?src=hash&amp;ref_src=twsrc%5Etfw\" rel=\"nofollow noopener\" target=\"_blank\">#OsLinces<\/a> <a href=\"https:\/\/twitter.com\/hashtag\/EuroBasket?src=hash&amp;ref_src=twsrc%5Etfw\" rel=\"nofollow noopener\" target=\"_blank\">#EuroBasket<\/a> <a href=\"https:\/\/twitter.com\/hashtag\/MakeYourMark?src=hash&amp;ref_src=twsrc%5Etfw\" rel=\"nofollow noopener\" target=\"_blank\">#MakeYourMark<\/a> <a href=\"https:\/\/t.co\/PCLVFu7u2X\" rel=\"nofollow\">pic.twitter.com\/PCLVFu7u2X<\/a><\/p>\n<p>\u2014 Basquetebol Portugal (@fpbasquetebol) <a href=\"https:\/\/twitter.com\/fpbasquetebol\/status\/1963237610152731111?ref_src=twsrc%5Etfw\" rel=\"nofollow noopener\" target=\"_blank\">September 3, 2025<\/a><\/p>\n<\/blockquote>\n<p>            <script async src=\"https:\/\/platform.twitter.com\/widgets.js\" charset=\"utf-8\"><\/script><\/p>\n","protected":false},"excerpt":{"rendered":"Era o jogo do tudo ou nada. Depois da vit\u00f3ria inaugural contra a Rep\u00fablica Checa, Portugal perdeu com&hellip;\n","protected":false},"author":2,"featured_media":57865,"comment_status":"","ping_status":"","sticky":false,"template":"","format":"standard","meta":{"footnotes":""},"categories":[87],"tags":[2694,135,32,33,134],"class_list":{"0":"post-57864","1":"post","2":"type-post","3":"status-publish","4":"format-standard","5":"has-post-thumbnail","7":"category-desporto","8":"tag-basquetebol","9":"tag-desporto","10":"tag-portugal","11":"tag-pt","12":"tag-sports"},"share_on_mastodon":{"url":"","error":""},"_links":{"self":[{"href":"https:\/\/www.europesays.com\/pt\/wp-json\/wp\/v2\/posts\/57864","targetHints":{"allow":["GET"]}}],"collection":[{"href":"https:\/\/www.europesays.com\/pt\/wp-json\/wp\/v2\/posts"}],"about":[{"href":"https:\/\/www.europesays.com\/pt\/wp-json\/wp\/v2\/types\/post"}],"author":[{"embeddable":true,"href":"https:\/\/www.europesays.com\/pt\/wp-json\/wp\/v2\/users\/2"}],"replies":[{"embeddable":true,"href":"https:\/\/www.europesays.com\/pt\/wp-json\/wp\/v2\/comments?post=57864"}],"version-history":[{"count":0,"href":"https:\/\/www.europesays.com\/pt\/wp-json\/wp\/v2\/posts\/57864\/revisions"}],"wp:featuredmedia":[{"embeddable":true,"href":"https:\/\/www.europesays.com\/pt\/wp-json\/wp\/v2\/media\/57865"}],"wp:attachment":[{"href":"https:\/\/www.europesays.com\/pt\/wp-json\/wp\/v2\/media?parent=57864"}],"wp:term":[{"taxonomy":"category","embeddable":true,"href":"https:\/\/www.europesays.com\/pt\/wp-json\/wp\/v2\/categories?post=57864"},{"taxonomy":"post_tag","embeddable":true,"href":"https:\/\/www.europesays.com\/pt\/wp-json\/wp\/v2\/tags?post=57864"}],"curies":[{"name":"wp","href":"https:\/\/api.w.org\/{rel}","templated":true}]}}