{"id":57866,"date":"2025-09-03T23:39:07","date_gmt":"2025-09-03T23:39:07","guid":{"rendered":"https:\/\/www.europesays.com\/pt\/57866\/"},"modified":"2025-09-03T23:39:07","modified_gmt":"2025-09-03T23:39:07","slug":"florida-planeja-eliminar-exigencia-de-vacinacao-para-estudantes","status":"publish","type":"post","link":"https:\/\/www.europesays.com\/pt\/57866\/","title":{"rendered":"Fl\u00f3rida planeja eliminar exig\u00eancia de vacina\u00e7\u00e3o para estudantes"},"content":{"rendered":"<p>Um alto funcion\u00e1rio de sa\u00fade na <strong><a href=\"https:\/\/www.correiodopovo.com.br\/topicos\/Tag\/Fl%C3%B3rida\" target=\"_blank\" rel=\"nofollow noopener\">Fl\u00f3rida<\/a><\/strong> prometeu nesta quarta-feira, 3, que buscar\u00e1 eliminar os requisitos de vacina\u00e7\u00e3o, inclusive para os alunos de escolas p\u00fablicas, argumentando que as imposi\u00e7\u00f5es de vacinas &#8216;transbordam desprezo e escravid\u00e3o&#8217;.<\/p>\n<p>O respons\u00e1vel estadual do Departamento de Sa\u00fade, Joseph A. Ladapo, anunciou a medida durante uma coletiva de imprensa ao lado do governador republicano Ron DeSantis, que ficou famoso na pandemia de covid-19 por se opor ao uso generalizado de m\u00e1scaras e por promover uma r\u00e1pida reabertura da economia.<\/p>\n<blockquote>\n<p>&#8216;O Departamento de Sa\u00fade da Fl\u00f3rida, em colabora\u00e7\u00e3o com o governador, trabalhar\u00e1 para p\u00f4r fim a todos os mandatos de vacina\u00e7\u00e3o na Fl\u00f3rida, todos, at\u00e9 o \u00faltimo deles&#8217;, declarou Ladapo na escola crist\u00e3 Grace, em Valrico.<\/p>\n<\/blockquote>\n<p>A elimina\u00e7\u00e3o de requisitos de vacina\u00e7\u00e3o tornaria o estado o primeiro dos Estados Unidos a abandonar uma pr\u00e1tica considerada por d\u00e9cadas eficaz para limitar a prolifera\u00e7\u00e3o de doen\u00e7as infecciosas.<\/p>\n<p>Ladapo, nascido na Nig\u00e9ria e m\u00e9dico formado em Harvard, argumentou que todas as <strong>imposi\u00e7\u00f5es de vacinas<\/strong> &#8216;transbordam desprezo e escravid\u00e3o&#8217;. &#8216;Quem sou eu para dizer o que voc\u00ea deveria colocar em seu corpo?&#8217;, acrescentou. &#8216;Eu n\u00e3o tenho esse direito. Seu corpo \u00e9 um presente de Deus&#8217;.<\/p>\n<p>Todos os estados do pa\u00eds t\u00eam requisitos de vacina\u00e7\u00e3o para os alunos de suas escolas p\u00fablicas, embora a maioria permita isen\u00e7\u00f5es por cren\u00e7as pessoais ou religiosas. Nas \u00faltimas d\u00e9cadas, a Fl\u00f3rida obrigou seus estudantes a se vacinar contra diversas doen\u00e7as, como poliomielite, sarampo ou hepatite B, para poderem frequentar as aulas.<\/p>\n<p>&#8216;Estamos preocupados que o an\u00fancio de hoje exponha as crian\u00e7as das escolas p\u00fablicas da Fl\u00f3rida a um maior risco de adoecer, o que ter\u00e1 um efeito domin\u00f3 em nossas comunidades&#8217;, declarou nas redes sociais a se\u00e7\u00e3o floridiana da Academia Americana de Pediatria.<\/p>\n<p>Ladapo teve confrontos com outros cientistas desde a pandemia de covid-19 e se op\u00f4s ao uso das vacinas contra a doen\u00e7a do tipo mRNA, que nesta quarta-feira comparou a um &#8216;veneno&#8217; para o corpo.<\/p>\n<p>Em 2023, os Centros de Controle e Preven\u00e7\u00e3o de Doen\u00e7as (CDC, na sigla em ingl\u00eas) rejeitaram em um comunicado as afirma\u00e7\u00f5es de Ladapo que relacionavam as vacinas contra a <strong>covid-19<\/strong> com um risco \u00e0 vida.<\/p>\n<p>A iniciativa anunciada na Fl\u00f3rida coincide com a presen\u00e7a de Robert Kennedy Jr., um c\u00e9tico das vacinas, \u00e0 frente do Departamento de Sa\u00fade dos Estados Unidos. Desde que assumiu o cargo, Kennedy Jr. iniciou uma reforma profunda nas ag\u00eancias sanit\u00e1rias e na pol\u00edtica de vacina\u00e7\u00e3o do pa\u00eds, demitindo especialistas renomados, restringindo o acesso \u00e0s vacinas contra a covid-19 e cortando os fundos para o desenvolvimento de novas vacinas.<\/p>\n<p>Veja Tamb\u00e9m<\/p>\n","protected":false},"excerpt":{"rendered":"Um alto funcion\u00e1rio de sa\u00fade na Fl\u00f3rida prometeu nesta quarta-feira, 3, que buscar\u00e1 eliminar os requisitos de vacina\u00e7\u00e3o,&hellip;\n","protected":false},"author":2,"featured_media":57867,"comment_status":"","ping_status":"","sticky":false,"template":"","format":"standard","meta":{"footnotes":""},"categories":[86],"tags":[2641,3665,413,1622,116,62,32,33,117,2820],"class_list":{"0":"post-57866","1":"post","2":"type-post","3":"status-publish","4":"format-standard","5":"has-post-thumbnail","7":"category-saude","8":"tag-covid-19","9":"tag-estudantes","10":"tag-eua","11":"tag-florida","12":"tag-health","13":"tag-mundo","14":"tag-portugal","15":"tag-pt","16":"tag-saude","17":"tag-vacinacao"},"share_on_mastodon":{"url":"","error":""},"_links":{"self":[{"href":"https:\/\/www.europesays.com\/pt\/wp-json\/wp\/v2\/posts\/57866","targetHints":{"allow":["GET"]}}],"collection":[{"href":"https:\/\/www.europesays.com\/pt\/wp-json\/wp\/v2\/posts"}],"about":[{"href":"https:\/\/www.europesays.com\/pt\/wp-json\/wp\/v2\/types\/post"}],"author":[{"embeddable":true,"href":"https:\/\/www.europesays.com\/pt\/wp-json\/wp\/v2\/users\/2"}],"replies":[{"embeddable":true,"href":"https:\/\/www.europesays.com\/pt\/wp-json\/wp\/v2\/comments?post=57866"}],"version-history":[{"count":0,"href":"https:\/\/www.europesays.com\/pt\/wp-json\/wp\/v2\/posts\/57866\/revisions"}],"wp:featuredmedia":[{"embeddable":true,"href":"https:\/\/www.europesays.com\/pt\/wp-json\/wp\/v2\/media\/57867"}],"wp:attachment":[{"href":"https:\/\/www.europesays.com\/pt\/wp-json\/wp\/v2\/media?parent=57866"}],"wp:term":[{"taxonomy":"category","embeddable":true,"href":"https:\/\/www.europesays.com\/pt\/wp-json\/wp\/v2\/categories?post=57866"},{"taxonomy":"post_tag","embeddable":true,"href":"https:\/\/www.europesays.com\/pt\/wp-json\/wp\/v2\/tags?post=57866"}],"curies":[{"name":"wp","href":"https:\/\/api.w.org\/{rel}","templated":true}]}}