{"id":57878,"date":"2025-09-04T00:05:08","date_gmt":"2025-09-04T00:05:08","guid":{"rendered":"https:\/\/www.europesays.com\/pt\/57878\/"},"modified":"2025-09-04T00:05:08","modified_gmt":"2025-09-04T00:05:08","slug":"ataque-ao-metro-filme-nacional-comeca-as-filmagens","status":"publish","type":"post","link":"https:\/\/www.europesays.com\/pt\/57878\/","title":{"rendered":"Ataque ao Metr\u00f4 | Filme nacional come\u00e7a as filmagens"},"content":{"rendered":"<p>Iniciaram-se as filmagens de <strong>Ataque ao Metr\u00f4<\/strong>, novo suspense nacional produzido pela <strong>INTRO Pictures<\/strong> em coprodu\u00e7\u00e3o e distribui\u00e7\u00e3o da <strong>The Walt Disney Company<\/strong>. O longa \u00e9 dirigido por <strong>Mauricio E\u00e7a<\/strong> (Man\u00edaco do Parque; A Menina que Matou Meus Pais) e re\u00fane um elenco de peso liderado por <strong>Mel Maia<\/strong>, <strong>S\u00e9rgio Malheiros<\/strong>, <strong>Mateus Solano<\/strong>, <strong>Leticia Spiller<\/strong> e <strong>Marcelo Serrado<\/strong>.<\/p>\n<p>O filme acompanha a inaugura\u00e7\u00e3o de uma nova linha de metr\u00f4, quando um trem \u00e9 sequestrado por Diana (Mel Maia), uma jovem em busca de justi\u00e7a por uma trag\u00e9dia esquecida e que conta com Santiago (S\u00e9rgio Malheiros) para ajud\u00e1-la nessa miss\u00e3o. <\/p>\n<p>Com a cidade paralisada, a delegada Helena (Leticia Spiller) conduz as negocia\u00e7\u00f5es, enquanto o jornalista Julio Barreto (Mateus Solano) desvenda as motiva\u00e7\u00f5es da sequestradora, transformando o caso em uma disputa entre verdade e caos.<\/p>\n<p>O elenco de apoio inclui <strong>Rocco Pitanga<\/strong>, <strong>Talita Younan<\/strong>, <strong>Marina Moschen<\/strong>, <strong>Xando Gra\u00e7a<\/strong> e <strong>Leo Senna<\/strong>. O filme \u00e9 inspirado livremente no livro Linha 4 Amarela, de <strong>Felipe S. Mendes<\/strong>, sendo importante destacar que tanto a obra liter\u00e1ria quanto o filme n\u00e3o s\u00e3o baseados em fatos reais.<\/p>\n<p>Ataque ao Metr\u00f4 estrear\u00e1 exclusivamente nos cinemas, com data de lan\u00e7amento a ser anunciada pela Disney.<\/p>\n","protected":false},"excerpt":{"rendered":"Iniciaram-se as filmagens de Ataque ao Metr\u00f4, novo suspense nacional produzido pela INTRO Pictures em coprodu\u00e7\u00e3o e distribui\u00e7\u00e3o&hellip;\n","protected":false},"author":2,"featured_media":57879,"comment_status":"","ping_status":"","sticky":false,"template":"","format":"standard","meta":{"footnotes":""},"categories":[140],"tags":[114,115,147,148,146,32,33],"class_list":{"0":"post-57878","1":"post","2":"type-post","3":"status-publish","4":"format-standard","5":"has-post-thumbnail","7":"category-filmes","8":"tag-entertainment","9":"tag-entretenimento","10":"tag-film","11":"tag-filmes","12":"tag-movies","13":"tag-portugal","14":"tag-pt"},"share_on_mastodon":{"url":"","error":""},"_links":{"self":[{"href":"https:\/\/www.europesays.com\/pt\/wp-json\/wp\/v2\/posts\/57878","targetHints":{"allow":["GET"]}}],"collection":[{"href":"https:\/\/www.europesays.com\/pt\/wp-json\/wp\/v2\/posts"}],"about":[{"href":"https:\/\/www.europesays.com\/pt\/wp-json\/wp\/v2\/types\/post"}],"author":[{"embeddable":true,"href":"https:\/\/www.europesays.com\/pt\/wp-json\/wp\/v2\/users\/2"}],"replies":[{"embeddable":true,"href":"https:\/\/www.europesays.com\/pt\/wp-json\/wp\/v2\/comments?post=57878"}],"version-history":[{"count":0,"href":"https:\/\/www.europesays.com\/pt\/wp-json\/wp\/v2\/posts\/57878\/revisions"}],"wp:featuredmedia":[{"embeddable":true,"href":"https:\/\/www.europesays.com\/pt\/wp-json\/wp\/v2\/media\/57879"}],"wp:attachment":[{"href":"https:\/\/www.europesays.com\/pt\/wp-json\/wp\/v2\/media?parent=57878"}],"wp:term":[{"taxonomy":"category","embeddable":true,"href":"https:\/\/www.europesays.com\/pt\/wp-json\/wp\/v2\/categories?post=57878"},{"taxonomy":"post_tag","embeddable":true,"href":"https:\/\/www.europesays.com\/pt\/wp-json\/wp\/v2\/tags?post=57878"}],"curies":[{"name":"wp","href":"https:\/\/api.w.org\/{rel}","templated":true}]}}