{"id":57953,"date":"2025-09-04T02:00:15","date_gmt":"2025-09-04T02:00:15","guid":{"rendered":"https:\/\/www.europesays.com\/pt\/57953\/"},"modified":"2025-09-04T02:00:15","modified_gmt":"2025-09-04T02:00:15","slug":"quatro-unidades-de-saude-realizam-acoes-de-prevencao-ao-tabagismo-na-cidade-de-jaguariuna","status":"publish","type":"post","link":"https:\/\/www.europesays.com\/pt\/57953\/","title":{"rendered":"Quatro unidades de sa\u00fade realizam a\u00e7\u00f5es de preven\u00e7\u00e3o ao tabagismo na cidade de Jaguari\u00fana"},"content":{"rendered":"<p>\t por <a href=\"#\" title=\"Reda\u00e7\u00e3o\/Estrela da Mogiana \">Reda\u00e7\u00e3o\/Estrela da Mogiana <\/a> em 03\/09\/2025<br \/>\n  <img decoding=\"async\" alt=\"Imagem de divulga\u00e7\u00e3o\" src=\"https:\/\/www.europesays.com\/pt\/wp-content\/uploads\/2025\/09\/18090.jpg\" style=\"float:left; margin:5px 10px; width:300px\" \/>Quatro Unidades B\u00e1sicas de Sa\u00fade de Jaguari\u00fana: Florian\u00f3polis, Fontanella, Cruzeiro do Sul e 12 de Setembro realizam a\u00e7\u00f5es educativas de preven\u00e7\u00e3o ao tabagismo. Essas a\u00e7\u00f5es seguem as diretrizes do Programa Nacional de Controle do Tabagismo (PNCT), coordenado pelo Minist\u00e9rio da Sa\u00fade, que preconiza uma abordagem integral e multiprofissional ao cuidado da pessoa tabagista.<br \/>\n\u00a0<br \/>\nOs interessados podem procurar qualquer uma das unidades. O tratamento dura em m\u00e9dia 2 anos e come\u00e7a em grupos, com a possibilidade de atendimentos individuais. O nome entra numa lista e assim que fechado o grupo, os pacientes s\u00e3o chamados para as unidades referenciadas do programa.<br \/>\n\u00a0<br \/>\nNo munic\u00edpio, o tratamento do tabagismo \u00e9 conduzido por equipes capacitadas, que oferecem apoio cl\u00ednico, psicol\u00f3gico e educacional. Os participantes t\u00eam acesso a encontros em grupo, orienta\u00e7\u00f5es individualizadas e, quando necess\u00e1rio, ao uso de medicamentos auxiliares, gerando resultados positivos.<br \/>\n\u00a0<br \/>\nAs taxas de cessa\u00e7\u00e3o do tabagismo em Jaguari\u00fana j\u00e1 superam a m\u00e9dia nacional, refletindo o comprometimento das equipes e a ades\u00e3o dos pacientes ao tratamento.<br \/>\n\u00a0<br \/>\nPara participar do programa n\u00e3o \u00e9 necess\u00e1rio encaminhamento, apenas a vontade de parar de fumar. Com o objetivo de garantir o acesso de toda a popula\u00e7\u00e3o ao servi\u00e7o, as unidades credenciadas atendem tamb\u00e9m pacientes de outros territ\u00f3rios do munic\u00edpio, assegurando que qualquer cidad\u00e3o interessado em parar de fumar tenha acesso ao cuidado necess\u00e1rio.<br \/>\n\u00a0<br \/>\nUBS Florian\u00f3polis<br \/>\nR: Angeloni, Parque Florian\u00f3polis<br \/>\nTel: 3867-1995 | 3837-2619<br \/>\nDe segunda a sexta das 7h \u00e0s 20h<br \/>\n\u00a0<br \/>\nUBS Fontanella<br \/>\nAv: Dr. Jorge Rios Muraro, Dom Bosco<br \/>\nTel: 3837-5534 | 3837-5603<br \/>\nSegunda a sexta das 7h \u00e0s 16h<br \/>\n\u00a0<br \/>\nUBS Cruzeiro do Sul<br \/>\nEstrada Judite dos Santos Pinto, Ch\u00e1cara Recreio Primavera<br \/>\nTel: 3847-1192<br \/>\nSegunda a sexta das 7h \u00e0s 20h<br \/>\n\u00a0<br \/>\n12 de Setembro<br \/>\nR: Pinto Cat\u00e3o, 195, Jd. Santa Mercedes<br \/>\nTel: 3837-3378 | 3867-0034 | 3837-1709<br \/>\nSegunda a sexta das 7h \u00e0s 20h<br \/>\n\u00a0<\/p>\n","protected":false},"excerpt":{"rendered":"por Reda\u00e7\u00e3o\/Estrela da Mogiana em 03\/09\/2025 Quatro Unidades B\u00e1sicas de Sa\u00fade de Jaguari\u00fana: Florian\u00f3polis, Fontanella, Cruzeiro do Sul&hellip;\n","protected":false},"author":2,"featured_media":57954,"comment_status":"","ping_status":"","sticky":false,"template":"","format":"standard","meta":{"footnotes":""},"categories":[86],"tags":[16362,115,4362,116,12533,16363,13,32,33,117],"class_list":{"0":"post-57953","1":"post","2":"type-post","3":"status-publish","4":"format-standard","5":"has-post-thumbnail","7":"category-saude","8":"tag-da","9":"tag-entretenimento","10":"tag-estrela","11":"tag-health","12":"tag-jaguariuna","13":"tag-mogiana","14":"tag-noticias","15":"tag-portugal","16":"tag-pt","17":"tag-saude"},"share_on_mastodon":{"url":"","error":""},"_links":{"self":[{"href":"https:\/\/www.europesays.com\/pt\/wp-json\/wp\/v2\/posts\/57953","targetHints":{"allow":["GET"]}}],"collection":[{"href":"https:\/\/www.europesays.com\/pt\/wp-json\/wp\/v2\/posts"}],"about":[{"href":"https:\/\/www.europesays.com\/pt\/wp-json\/wp\/v2\/types\/post"}],"author":[{"embeddable":true,"href":"https:\/\/www.europesays.com\/pt\/wp-json\/wp\/v2\/users\/2"}],"replies":[{"embeddable":true,"href":"https:\/\/www.europesays.com\/pt\/wp-json\/wp\/v2\/comments?post=57953"}],"version-history":[{"count":0,"href":"https:\/\/www.europesays.com\/pt\/wp-json\/wp\/v2\/posts\/57953\/revisions"}],"wp:featuredmedia":[{"embeddable":true,"href":"https:\/\/www.europesays.com\/pt\/wp-json\/wp\/v2\/media\/57954"}],"wp:attachment":[{"href":"https:\/\/www.europesays.com\/pt\/wp-json\/wp\/v2\/media?parent=57953"}],"wp:term":[{"taxonomy":"category","embeddable":true,"href":"https:\/\/www.europesays.com\/pt\/wp-json\/wp\/v2\/categories?post=57953"},{"taxonomy":"post_tag","embeddable":true,"href":"https:\/\/www.europesays.com\/pt\/wp-json\/wp\/v2\/tags?post=57953"}],"curies":[{"name":"wp","href":"https:\/\/api.w.org\/{rel}","templated":true}]}}