{"id":57961,"date":"2025-09-04T02:21:08","date_gmt":"2025-09-04T02:21:08","guid":{"rendered":"https:\/\/www.europesays.com\/pt\/57961\/"},"modified":"2025-09-04T02:21:08","modified_gmt":"2025-09-04T02:21:08","slug":"ze-felipe-posta-musica-melancolica-apos-aparicao-de-virginia-e-vini-jr","status":"publish","type":"post","link":"https:\/\/www.europesays.com\/pt\/57961\/","title":{"rendered":"Z\u00e9 Felipe posta m\u00fasica melanc\u00f3lica ap\u00f3s apari\u00e7\u00e3o de Virginia e Vini Jr."},"content":{"rendered":"<p class=\"my-5 break-words group-[.isActiveSource]:text-xl\">O cantor <strong class=\"group-[.isActiveSource]:text-xl group-[.isActiveSource]:font-bold\">Z\u00e9 Felipe<\/strong>, 27, publicou uma m\u00fasica melanc\u00f3lica nos stories do Instagram, nesta quarta-feira (3), ap\u00f3s apari\u00e7\u00e3o da ex-mulher, <strong class=\"group-[.isActiveSource]:text-xl group-[.isActiveSource]:font-bold\">Virginia<\/strong>, 26, com o jogador de futebol <strong class=\"group-[.isActiveSource]:text-xl group-[.isActiveSource]:font-bold\">Vini Jr.<\/strong>, 25.<\/p>\n<p class=\"my-5 break-words group-[.isActiveSource]:text-xl\">Z\u00e9 Felipe publicou um trecho de sua m\u00fasica &#8220;Se Eu N\u00e3o Tivesse Ido&#8221;, que fala sobre sofrer por amor.<\/p>\n<p class=\"my-5 break-words group-[.isActiveSource]:text-xl\">&#8220;E eu pensei que nunca ia te perder \/\/ Mas tudo que vejo \/\/ Faz lembrar voc\u00ea \/\/ E nada \u00e9 mais dif\u00edcil que viver sem ti [&#8230;] Se n\u00e3o tivesse ido \/\/ Eu era t\u00e3o feliz&#8221;, diz trecho da m\u00fasica.<\/p>\n<p class=\"my-5 break-words group-[.isActiveSource]:text-xl\">Nesta quarta-feira (3), <a href=\"https:\/\/www.cnnbrasil.com.br\/entretenimento\/virginia-e-vista-ao-deixar-iate-com-vini-jr-assista\/\" target=\"_blank\" rel=\"noopener noreferrer nofollow\" class=\"text-red-600 underline hover:text-red-500 font-medium break-words group-[.isActiveSource]:text-xl\">Virginia foi vista ao deixar um iate luxuoso em Marbella, na Espanha, com Vini<\/a>.\u00a0Rumores de que os dois estariam vivendo um affair circulam nas redes sociais.<\/p>\n<p class=\"my-5 break-words group-[.isActiveSource]:text-xl\">Virginia est\u00e1 em viagem \u00e0 Espanha ao lado dos amigos. Na \u00faltima ter\u00e7a-feira (2), ela<a class=\"text-red-600 underline hover:text-red-500 font-medium break-words group-[.isActiveSource]:text-xl\" href=\"https:\/\/www.cnnbrasil.com.br\/entretenimento\/solteira-virginia-flerta-e-passa-contatinho-para-gringo-na-espanha\/\" target=\"_blank\" rel=\"noopener noreferrer nofollow\">\u00a0visitou o est\u00e1dio Santiago Bernab\u00e9u, casa do Real Madrid.<\/a><\/p>\n<p class=\"my-5 break-words group-[.isActiveSource]:text-xl my-5 break-words group-[.isActiveSource]:text-xl\">Boatos de um poss\u00edvel relacionamento entre a influenciadora e o jogador de futebol\u00a0Vini Jr\u00a0come\u00e7aram ap\u00f3s ela ser vista na\u00a0<a class=\"text-red-600 underline hover:text-red-500 font-medium break-words group-[.isActiveSource]:text-xl\" href=\"https:\/\/www.cnnbrasil.com.br\/entretenimento\/apos-boatos-virginia-confirma-ida-a-festa-de-vini-jr\/\" target=\"_blank\" rel=\"noopener noreferrer nofollow\">festa de anivers\u00e1rio de 25 anos<\/a>\u00a0do jogador, no dia 19 de maio.<\/p>\n<p class=\"my-5 break-words group-[.isActiveSource]:text-xl my-5 break-words group-[.isActiveSource]:text-xl my-5 break-words group-[.isActiveSource]:text-xl\">F\u00e3s\u00a0<a class=\"text-red-600 underline hover:text-red-500 font-medium break-words group-[.isActiveSource]:text-xl\" href=\"https:\/\/www.cnnbrasil.com.br\/entretenimento\/fas-suspeitam-que-virginia-estaria-de-ressaca-apos-festa-de-vini-jr\/\" target=\"_blank\" rel=\"noopener noreferrer nofollow\">j\u00e1 haviam suspeitado que a influenciadora estava de ressaca ap\u00f3s festa de 25 anos de Vini Jr<\/a>, quando apareceu em uma live feita no dia 20 de julho com &#8220;cara de cansada&#8221; e com as m\u00e3os ao rosto.<\/p>\n","protected":false},"excerpt":{"rendered":"O cantor Z\u00e9 Felipe, 27, publicou uma m\u00fasica melanc\u00f3lica nos stories do Instagram, nesta quarta-feira (3), ap\u00f3s apari\u00e7\u00e3o&hellip;\n","protected":false},"author":2,"featured_media":57962,"comment_status":"","ping_status":"","sticky":false,"template":"","format":"standard","meta":{"footnotes":""},"categories":[145],"tags":[211,210,114,115,32,33],"class_list":{"0":"post-57961","1":"post","2":"type-post","3":"status-publish","4":"format-standard","5":"has-post-thumbnail","7":"category-celebridades","8":"tag-celebridades","9":"tag-celebrities","10":"tag-entertainment","11":"tag-entretenimento","12":"tag-portugal","13":"tag-pt"},"share_on_mastodon":{"url":"","error":""},"_links":{"self":[{"href":"https:\/\/www.europesays.com\/pt\/wp-json\/wp\/v2\/posts\/57961","targetHints":{"allow":["GET"]}}],"collection":[{"href":"https:\/\/www.europesays.com\/pt\/wp-json\/wp\/v2\/posts"}],"about":[{"href":"https:\/\/www.europesays.com\/pt\/wp-json\/wp\/v2\/types\/post"}],"author":[{"embeddable":true,"href":"https:\/\/www.europesays.com\/pt\/wp-json\/wp\/v2\/users\/2"}],"replies":[{"embeddable":true,"href":"https:\/\/www.europesays.com\/pt\/wp-json\/wp\/v2\/comments?post=57961"}],"version-history":[{"count":0,"href":"https:\/\/www.europesays.com\/pt\/wp-json\/wp\/v2\/posts\/57961\/revisions"}],"wp:featuredmedia":[{"embeddable":true,"href":"https:\/\/www.europesays.com\/pt\/wp-json\/wp\/v2\/media\/57962"}],"wp:attachment":[{"href":"https:\/\/www.europesays.com\/pt\/wp-json\/wp\/v2\/media?parent=57961"}],"wp:term":[{"taxonomy":"category","embeddable":true,"href":"https:\/\/www.europesays.com\/pt\/wp-json\/wp\/v2\/categories?post=57961"},{"taxonomy":"post_tag","embeddable":true,"href":"https:\/\/www.europesays.com\/pt\/wp-json\/wp\/v2\/tags?post=57961"}],"curies":[{"name":"wp","href":"https:\/\/api.w.org\/{rel}","templated":true}]}}