{"id":57980,"date":"2025-09-04T02:46:16","date_gmt":"2025-09-04T02:46:16","guid":{"rendered":"https:\/\/www.europesays.com\/pt\/57980\/"},"modified":"2025-09-04T02:46:16","modified_gmt":"2025-09-04T02:46:16","slug":"mais-de-63-mil-euros-e-gorjeta-de-quase-6-mil-foi-esta-a-conta-de-um-grupo-em-restaurante-cerca-de-3-500e-por-pessoa-comida","status":"publish","type":"post","link":"https:\/\/www.europesays.com\/pt\/57980\/","title":{"rendered":"Mais de 63 mil euros e gorjeta de quase 6 mil. Foi esta a conta de um grupo em restaurante (cerca de 3.500\u20ac por pessoa) &#8211; Comida"},"content":{"rendered":"<p>Um jantar de grupo, de 18 pessoas, no restaurante Annabel Mallorca, em Palmanova, Espanha, terminou com uma conta fora do normal: mais de 63 mil euros, incluindo uma gorjeta de praticamente 6 mil euros (cerca de 3.500\u20ac por pessoa). A situa\u00e7\u00e3o foi divulgada pelo pr\u00f3prio restaurante nas redes sociais, e gerou debate automaticamente sobre o consumo e a pol\u00edtica de servi\u00e7o do espa\u00e7o.<\/p>\n<p><strong>A fatura incluiu uma gorjeta autom\u00e1tica de 10%, pr\u00e1tica habitual do restaurante, que neste caso correspondeu a 5.748,90\u20ac. Apesar de assinalada como &#8220;opcional&#8221;, a taxa estava destacada no final do tal\u00e3o.<\/strong> Segundo o &#8220;<a href=\"https:\/\/postal.pt\/europa\/este-restaurante-em-espanha-procura-grupo-que-pagou-conta-superior-a-63-000e-saiba-o-que-comeram\/\" rel=\"nofollow noopener\" target=\"_blank\">Postal<\/a>&#8220;, esta pr\u00e1tica j\u00e1 tinha sido criticada anteriormente, quando o restaurante foi acusado de de adicionar a taxa de servi\u00e7o \u00e0s contas (em Espanha, a gorjeta n\u00e3o \u00e9 obrigat\u00f3ria).<\/p>\n<p>Outro detalhe que n\u00e3o escapou foi como \u00e9 que teriam gasto cerca de 45 mil euros em diversos pratos de peixe. Sabe-se tamb\u00e9m que consumiram massas, pizzas e diversas garrafas de vinho, revela a mesma fonte.<\/p>\n<p>&#8220;De quem \u00e9 esta conta? Identifiquem-nos nos coment\u00e1rios, gostar\u00edamos de falar com eles&#8221;, escreveu o restaurante na publica\u00e7\u00e3o partilhada com a conta milion\u00e1ria.<\/p>\n<p>A publica\u00e7\u00e3o gerou milhares de intera\u00e7\u00f5es, entre coment\u00e1rios que acharam piada \u00e0 situa\u00e7\u00e3o, como criticas \u00e0 exposi\u00e7\u00e3o. &#8220;Uau, preciso de amigos assim&#8221; e outro &#8220;qual a necessidade de publicar o recibo?&#8221;.<\/p>\n","protected":false},"excerpt":{"rendered":"Um jantar de grupo, de 18 pessoas, no restaurante Annabel Mallorca, em Palmanova, Espanha, terminou com uma conta&hellip;\n","protected":false},"author":2,"featured_media":57981,"comment_status":"","ping_status":"","sticky":false,"template":"","format":"standard","meta":{"footnotes":""},"categories":[50],"tags":[27,28,15,16,14,25,26,21,22,62,12,13,19,20,23,24,17,18,29,30,31,63,64,65],"class_list":{"0":"post-57980","1":"post","2":"type-post","3":"status-publish","4":"format-standard","5":"has-post-thumbnail","7":"category-mundo","8":"tag-breaking-news","9":"tag-breakingnews","10":"tag-featured-news","11":"tag-featurednews","12":"tag-headlines","13":"tag-latest-news","14":"tag-latestnews","15":"tag-main-news","16":"tag-mainnews","17":"tag-mundo","18":"tag-news","19":"tag-noticias","20":"tag-noticias-principais","21":"tag-noticiasprincipais","22":"tag-principais-noticias","23":"tag-principaisnoticias","24":"tag-top-stories","25":"tag-topstories","26":"tag-ultimas","27":"tag-ultimas-noticias","28":"tag-ultimasnoticias","29":"tag-world","30":"tag-world-news","31":"tag-worldnews"},"share_on_mastodon":{"url":"","error":""},"_links":{"self":[{"href":"https:\/\/www.europesays.com\/pt\/wp-json\/wp\/v2\/posts\/57980","targetHints":{"allow":["GET"]}}],"collection":[{"href":"https:\/\/www.europesays.com\/pt\/wp-json\/wp\/v2\/posts"}],"about":[{"href":"https:\/\/www.europesays.com\/pt\/wp-json\/wp\/v2\/types\/post"}],"author":[{"embeddable":true,"href":"https:\/\/www.europesays.com\/pt\/wp-json\/wp\/v2\/users\/2"}],"replies":[{"embeddable":true,"href":"https:\/\/www.europesays.com\/pt\/wp-json\/wp\/v2\/comments?post=57980"}],"version-history":[{"count":0,"href":"https:\/\/www.europesays.com\/pt\/wp-json\/wp\/v2\/posts\/57980\/revisions"}],"wp:featuredmedia":[{"embeddable":true,"href":"https:\/\/www.europesays.com\/pt\/wp-json\/wp\/v2\/media\/57981"}],"wp:attachment":[{"href":"https:\/\/www.europesays.com\/pt\/wp-json\/wp\/v2\/media?parent=57980"}],"wp:term":[{"taxonomy":"category","embeddable":true,"href":"https:\/\/www.europesays.com\/pt\/wp-json\/wp\/v2\/categories?post=57980"},{"taxonomy":"post_tag","embeddable":true,"href":"https:\/\/www.europesays.com\/pt\/wp-json\/wp\/v2\/tags?post=57980"}],"curies":[{"name":"wp","href":"https:\/\/api.w.org\/{rel}","templated":true}]}}