{"id":57996,"date":"2025-09-04T03:03:05","date_gmt":"2025-09-04T03:03:05","guid":{"rendered":"https:\/\/www.europesays.com\/pt\/57996\/"},"modified":"2025-09-04T03:03:05","modified_gmt":"2025-09-04T03:03:05","slug":"alice-wegmann-revela-se-caua-reymond-tem-cece","status":"publish","type":"post","link":"https:\/\/www.europesays.com\/pt\/57996\/","title":{"rendered":"Alice Wegmann revela se Cau\u00e3 Reymond tem cec\u00ea"},"content":{"rendered":"<p>A atriz <a href=\"https:\/\/www.otempo.com.br\/entretenimento\/2025\/6\/23\/alice-wegmann-abre-o-jogo-sobre-sexo-tenho-minhas-insegurancas\" rel=\"nofollow noopener\" target=\"_blank\"><strong>Alice Wegmann<\/strong><\/a>, de 29 anos, participou do programa <a href=\"https:\/\/www.otempo.com.br\/entretenimento\/2025\/6\/18\/alice-wegmann-relembra-relacao-amorosa-com-joao-vicente-de-castro-fora-das-telinhas\" rel=\"nofollow noopener\" target=\"_blank\"><strong>&#8220;Lady Night&#8221;<\/strong><\/a>, de Tat\u00e1 Werneck, e foi questionada se <strong>Cau\u00e3 Reymond<\/strong> tinha &#8216;cec\u00ea&#8217;, durante as grava\u00e7\u00f5es da novela &#8220;Vale Tudo&#8221;.<\/p>\n<p>A atriz n\u00e3o confirmou e nem negou os boatos de odor do ator. &#8220;Tu j\u00e1 contracenou com ele muito mais do que eu, Tat\u00e1&#8221;, riu ela. A apresentadora rebateu: &#8220;Mas ele estava de sunga, meu amor. At\u00e9 eu chegar no cec\u00ea&#8230;&#8221;, disse Tat\u00e1.<\/p>\n<p>J\u00e1 a atriz <strong>Sheron Menezzes<\/strong>, que participava do bate-papo, defendeu o gal\u00e3 da TV Globo. &#8220;Gente, eu fiz uma novela inteira como par rom\u00e2ntico dele e n\u00e3o senti cec\u00ea nenhum&#8221;, afirmou a atriz.<\/p>\n","protected":false},"excerpt":{"rendered":"A atriz Alice Wegmann, de 29 anos, participou do programa &#8220;Lady Night&#8221;, de Tat\u00e1 Werneck, e foi questionada&hellip;\n","protected":false},"author":2,"featured_media":57997,"comment_status":"","ping_status":"","sticky":false,"template":"","format":"standard","meta":{"footnotes":""},"categories":[145],"tags":[6542,1939,211,210,114,115,32,33],"class_list":{"0":"post-57996","1":"post","2":"type-post","3":"status-publish","4":"format-standard","5":"has-post-thumbnail","7":"category-celebridades","8":"tag-alice-wegmann","9":"tag-caua-reymond","10":"tag-celebridades","11":"tag-celebrities","12":"tag-entertainment","13":"tag-entretenimento","14":"tag-portugal","15":"tag-pt"},"share_on_mastodon":{"url":"","error":""},"_links":{"self":[{"href":"https:\/\/www.europesays.com\/pt\/wp-json\/wp\/v2\/posts\/57996","targetHints":{"allow":["GET"]}}],"collection":[{"href":"https:\/\/www.europesays.com\/pt\/wp-json\/wp\/v2\/posts"}],"about":[{"href":"https:\/\/www.europesays.com\/pt\/wp-json\/wp\/v2\/types\/post"}],"author":[{"embeddable":true,"href":"https:\/\/www.europesays.com\/pt\/wp-json\/wp\/v2\/users\/2"}],"replies":[{"embeddable":true,"href":"https:\/\/www.europesays.com\/pt\/wp-json\/wp\/v2\/comments?post=57996"}],"version-history":[{"count":0,"href":"https:\/\/www.europesays.com\/pt\/wp-json\/wp\/v2\/posts\/57996\/revisions"}],"wp:featuredmedia":[{"embeddable":true,"href":"https:\/\/www.europesays.com\/pt\/wp-json\/wp\/v2\/media\/57997"}],"wp:attachment":[{"href":"https:\/\/www.europesays.com\/pt\/wp-json\/wp\/v2\/media?parent=57996"}],"wp:term":[{"taxonomy":"category","embeddable":true,"href":"https:\/\/www.europesays.com\/pt\/wp-json\/wp\/v2\/categories?post=57996"},{"taxonomy":"post_tag","embeddable":true,"href":"https:\/\/www.europesays.com\/pt\/wp-json\/wp\/v2\/tags?post=57996"}],"curies":[{"name":"wp","href":"https:\/\/api.w.org\/{rel}","templated":true}]}}