{"id":58056,"date":"2025-09-04T04:18:20","date_gmt":"2025-09-04T04:18:20","guid":{"rendered":"https:\/\/www.europesays.com\/pt\/58056\/"},"modified":"2025-09-04T04:18:20","modified_gmt":"2025-09-04T04:18:20","slug":"ainda-estou-aqui-e-eleito-o-melhor-filme-do-ano-pela-critica-internacional-2","status":"publish","type":"post","link":"https:\/\/www.europesays.com\/pt\/58056\/","title":{"rendered":"\u201cAinda Estou Aqui\u201d \u00e9 eleito o melhor filme do ano pela cr\u00edtica internacional"},"content":{"rendered":"<p>                <img width=\"870\" height=\"600\" src=\"https:\/\/www.europesays.com\/pt\/wp-content\/uploads\/2025\/09\/Ainda-estou-aqui-Divulgacao.jpg\" class=\"attachment-post-thumbnail size-post-thumbnail wp-post-image\" alt=\"\" decoding=\"async\" fetchpriority=\"high\"  \/><\/p>\n<p>Foto: Divulga\u00e7\u00e3o<\/p>\n<p>O filme brasileiro \u201cAinda Estou Aqui\u201d, de Walter Salles, foi eleito o melhor filme da Federa\u00e7\u00e3o Internacional de Cr\u00edticos de Cinema (Fipresci). A informa\u00e7\u00e3o foi anunciada nesta ter\u00e7a-feira (2\/9).<\/p>\n<p>O longa conquistou o Grand Prix da entidade, reconhecimento concedido anualmente desde 1999 ao t\u00edtulo mais votado pela cr\u00edtica especializada em todo o mundo.<\/p>\n<p style=\"text-align: center;\"><a href=\"https:\/\/forms.gle\/NS4mSozfr6d4bxKJ6\" target=\"_blank\" rel=\"noopener nofollow\"><img loading=\"lazy\" decoding=\"async\" class=\"alignnone size-medium wp-image-287933\" src=\"https:\/\/www.europesays.com\/pt\/wp-content\/uploads\/2025\/09\/WhatsApp-Hora-do-Povo-1-300x37.png\" alt=\"\" width=\"728\" height=\"90\"  \/><\/a><\/p>\n<p>A premia\u00e7\u00e3o, que re\u00fane 739 cr\u00edticos de 75 pa\u00edses, consagrou pela primeira vez uma produ\u00e7\u00e3o brasileira. A entrega do trof\u00e9u ser\u00e1 feita em 19 de setembro, durante a cerim\u00f4nia de abertura do Festival de San Sebasti\u00e1n, na Espanha.<\/p>\n<p>A produ\u00e7\u00e3o nacional concorreu com O Brutalista, Sir\u0101t, O Agente Secreto e Pecadores e foi o mais votado pelo j\u00fari composto por 739 cr\u00edticos de cinema de 75 pa\u00edses diferentes.<\/p>\n<p>O Grand Prix j\u00e1 foi concedido a nomes de peso do cinema internacional, como Jean-Luc Godard, Pedro Almod\u00f3var, Alfonso Cuar\u00f3n, Michael Haneke, Paul Thomas Anderson, Terrence Malick e Chlo\u00e9 Zhao, o que coloca Walter Salles ao lado dos principais cineastas contempor\u00e2neos.<\/p>\n<p>Estrelado por Fernanda Torres e Selton Mello, \u201cAinda Estou Aqui\u201d vem acumulando pr\u00eamios desde sua estreia no Festival de Veneza de 2024. Entre eles, est\u00e3o o Oscar de Melhor Filme Internacional, o Globo de Ouro de Melhor Atriz, o Le\u00e3o de Prata de Melhor Roteiro e 13 estatuetas no Trof\u00e9u Grande Otelo. No total, j\u00e1 soma reconhecimentos em 61 festivais e premia\u00e7\u00f5es nacionais e internacionais.<\/p>\n<p>O filme adapta o livro hom\u00f4nimo de Marcelo Rubens Paiva e retrata a hist\u00f3ria real do desaparecimento de seu pai, o ex-deputado Rubens Paiva (interpretado por Mello), durante a ditadura militar. A trama acompanha as consequ\u00eancias da perda para a fam\u00edlia, especialmente para Eunice (vivida por Fernanda Torres), que assume a condu\u00e7\u00e3o da vida dom\u00e9stica diante da viol\u00eancia pol\u00edtica.<\/p>\n","protected":false},"excerpt":{"rendered":"Foto: Divulga\u00e7\u00e3o O filme brasileiro \u201cAinda Estou Aqui\u201d, de Walter Salles, foi eleito o melhor filme da Federa\u00e7\u00e3o&hellip;\n","protected":false},"author":2,"featured_media":58057,"comment_status":"","ping_status":"","sticky":false,"template":"","format":"standard","meta":{"footnotes":""},"categories":[140],"tags":[114,115,147,148,146,32,33],"class_list":{"0":"post-58056","1":"post","2":"type-post","3":"status-publish","4":"format-standard","5":"has-post-thumbnail","7":"category-filmes","8":"tag-entertainment","9":"tag-entretenimento","10":"tag-film","11":"tag-filmes","12":"tag-movies","13":"tag-portugal","14":"tag-pt"},"share_on_mastodon":{"url":"","error":""},"_links":{"self":[{"href":"https:\/\/www.europesays.com\/pt\/wp-json\/wp\/v2\/posts\/58056","targetHints":{"allow":["GET"]}}],"collection":[{"href":"https:\/\/www.europesays.com\/pt\/wp-json\/wp\/v2\/posts"}],"about":[{"href":"https:\/\/www.europesays.com\/pt\/wp-json\/wp\/v2\/types\/post"}],"author":[{"embeddable":true,"href":"https:\/\/www.europesays.com\/pt\/wp-json\/wp\/v2\/users\/2"}],"replies":[{"embeddable":true,"href":"https:\/\/www.europesays.com\/pt\/wp-json\/wp\/v2\/comments?post=58056"}],"version-history":[{"count":0,"href":"https:\/\/www.europesays.com\/pt\/wp-json\/wp\/v2\/posts\/58056\/revisions"}],"wp:featuredmedia":[{"embeddable":true,"href":"https:\/\/www.europesays.com\/pt\/wp-json\/wp\/v2\/media\/58057"}],"wp:attachment":[{"href":"https:\/\/www.europesays.com\/pt\/wp-json\/wp\/v2\/media?parent=58056"}],"wp:term":[{"taxonomy":"category","embeddable":true,"href":"https:\/\/www.europesays.com\/pt\/wp-json\/wp\/v2\/categories?post=58056"},{"taxonomy":"post_tag","embeddable":true,"href":"https:\/\/www.europesays.com\/pt\/wp-json\/wp\/v2\/tags?post=58056"}],"curies":[{"name":"wp","href":"https:\/\/api.w.org\/{rel}","templated":true}]}}