{"id":58095,"date":"2025-09-04T05:32:10","date_gmt":"2025-09-04T05:32:10","guid":{"rendered":"https:\/\/www.europesays.com\/pt\/58095\/"},"modified":"2025-09-04T05:32:10","modified_gmt":"2025-09-04T05:32:10","slug":"whatsapp-desenvolve-status-semelhante-ao-close-friends-coletiva-net","status":"publish","type":"post","link":"https:\/\/www.europesays.com\/pt\/58095\/","title":{"rendered":"WhatsApp desenvolve status semelhante ao &#039;Close Friends&#039; &#8211; Coletiva.net"},"content":{"rendered":"<ol>\n<li><a href=\"https:\/\/news.google.com\/rss\/articles\/CBMinwFBVV95cUxNY2dJNHBfci1KLWdpNG8yUFlWcG1qMlVaRU1EVnBPNEdNUHBBblM5UmxZTVEwNnc2NWdITTJDeWxOeU0tdWYtc01BaV9WQnFEaDQwMGxqMFNDdFRCN1pscERPYk9fcU56bU5vb3ZQU29qaDVPeEluRlpBdndwcmR1aDhpeXdfYnVLNFV2MXhycG1HUzJ2eWMtMGh6SUgxdkk?oc=5\" target=\"_blank\" rel=\"nofollow noopener\">WhatsApp desenvolve status semelhante ao &#8216;Close Friends&#8217;<\/a>&nbsp;&nbsp;Coletiva.net<\/li>\n<li><a href=\"https:\/\/news.google.com\/rss\/articles\/CBMihwFBVV95cUxNenY5Q0U2QzdSYUFXYTF5Yk5lRW1UTDExaHFXSnE1V3ZsMkx0RjluRzlRQzVjQVhUN1MyWkJhLXFDQ2VsSzZxeUswdHM2dThadHJhV056cFYtcHpPb3RBLTRMekxPdFptMlpEZ01rdWowNEpHdEg0dE9ibkZiNV9nTnh6eUtwa0U?oc=5\" target=\"_blank\" rel=\"nofollow noopener\">WhatsApp ter\u00e1 Close Friends similar ao do Instagram<\/a>&nbsp;&nbsp;Tecnoblog<\/li>\n<li><a href=\"https:\/\/news.google.com\/rss\/articles\/CBMingFBVV95cUxOLU5ZVFlZc3NWWjRGUlZMUmd1cXJCNFAzM080azRySFFFUU4wcDU3UDBjbzJ4V3ZIb1FucjEyZjJwdmlCMXppcjlsZmFJdEJ1Z01PNDNyeW9pQ3N1WnJwaUlyUWpsSzVSRnFjZnJDUmJHTnN5aTRkejMwSEZBR0lXZTJKeEpXYTVJM0dlVnVuRnBqR2diTDIyQ0pMLW42dw?oc=5\" target=\"_blank\" rel=\"nofollow noopener\">WhatsApp vai ganhar fun\u00e7\u00e3o de \u201cAmigos Pr\u00f3ximos\u201d nos Status<\/a>&nbsp;&nbsp;CNN Brasil<\/li>\n<li><a href=\"https:\/\/news.google.com\/rss\/articles\/CBMiowFBVV95cUxOQ2sybmZFTUtnWkVVazhpRjBRUlFtZ0tENUJ6aDJJakhOUjFWajlLaE8yMmo2UHpIbUF3bEdTLWtDVERVWm4wLXRDNnVyT1BGd2p2OTh3VTVLSGh2NWFnS01rTWFVcms2ekNpWXFwUlVFRlRCREVXZkJkd0xQRUxRcW1xQktjUWU5RkQyWTV0azZZbWRXeWx3S1hXREF2ZXFIZHhZ?oc=5\" target=\"_blank\" rel=\"nofollow noopener\">WhatsApp beta para iOS recebe no Status recurso de \u201cAmigos Pr\u00f3ximos\u201d<\/a>&nbsp;&nbsp;TudoCelular.com<\/li>\n<li><a href=\"https:\/\/news.google.com\/rss\/articles\/CBMingFBVV95cUxQNWJFRWQwTThTcmc5d3hDekwwQ0dTbWFyYjZ2LVpwR29scW50am05cU5jbk5Fc2VYSEY1NGMwTlB4TE5GYk9NNkpVN1BLWTdPSG9zeDdibEoxcXg1dWJxT2wxXzdRckdUMEtKMDViYXFQM3B4aTk4Y280N3RJa3g0YmpJbzZLLTB6YTlFbGNtck5sRkFHTmtoUTIwMDBzQQ?oc=5\" target=\"_blank\" rel=\"nofollow noopener\">WhatsApp vai ficar id\u00eantico ao antigo MSN em nova atualiza\u00e7\u00e3o<\/a>&nbsp;&nbsp;TNH1<\/li>\n<\/ol>\n","protected":false},"excerpt":{"rendered":"WhatsApp desenvolve status semelhante ao &#8216;Close Friends&#8217;&nbsp;&nbsp;Coletiva.net WhatsApp ter\u00e1 Close Friends similar ao do Instagram&nbsp;&nbsp;Tecnoblog WhatsApp vai ganhar&hellip;\n","protected":false},"author":2,"featured_media":58096,"comment_status":"","ping_status":"","sticky":false,"template":"","format":"standard","meta":{"footnotes":""},"categories":[84],"tags":[109,107,108,10179,1044,42,32,33,105,103,104,106,110],"class_list":{"0":"post-58095","1":"post","2":"type-post","3":"status-publish","4":"format-standard","5":"has-post-thumbnail","7":"category-ciencia-e-tecnologia","8":"tag-ciencia","9":"tag-ciencia-e-tecnologia","10":"tag-cienciaetecnologia","11":"tag-coletiva","12":"tag-comunicacao","13":"tag-mercado","14":"tag-portugal","15":"tag-pt","16":"tag-science","17":"tag-science-and-technology","18":"tag-scienceandtechnology","19":"tag-technology","20":"tag-tecnologia"},"share_on_mastodon":{"url":"","error":""},"_links":{"self":[{"href":"https:\/\/www.europesays.com\/pt\/wp-json\/wp\/v2\/posts\/58095","targetHints":{"allow":["GET"]}}],"collection":[{"href":"https:\/\/www.europesays.com\/pt\/wp-json\/wp\/v2\/posts"}],"about":[{"href":"https:\/\/www.europesays.com\/pt\/wp-json\/wp\/v2\/types\/post"}],"author":[{"embeddable":true,"href":"https:\/\/www.europesays.com\/pt\/wp-json\/wp\/v2\/users\/2"}],"replies":[{"embeddable":true,"href":"https:\/\/www.europesays.com\/pt\/wp-json\/wp\/v2\/comments?post=58095"}],"version-history":[{"count":0,"href":"https:\/\/www.europesays.com\/pt\/wp-json\/wp\/v2\/posts\/58095\/revisions"}],"wp:featuredmedia":[{"embeddable":true,"href":"https:\/\/www.europesays.com\/pt\/wp-json\/wp\/v2\/media\/58096"}],"wp:attachment":[{"href":"https:\/\/www.europesays.com\/pt\/wp-json\/wp\/v2\/media?parent=58095"}],"wp:term":[{"taxonomy":"category","embeddable":true,"href":"https:\/\/www.europesays.com\/pt\/wp-json\/wp\/v2\/categories?post=58095"},{"taxonomy":"post_tag","embeddable":true,"href":"https:\/\/www.europesays.com\/pt\/wp-json\/wp\/v2\/tags?post=58095"}],"curies":[{"name":"wp","href":"https:\/\/api.w.org\/{rel}","templated":true}]}}