{"id":58122,"date":"2025-09-04T06:18:14","date_gmt":"2025-09-04T06:18:14","guid":{"rendered":"https:\/\/www.europesays.com\/pt\/58122\/"},"modified":"2025-09-04T06:18:14","modified_gmt":"2025-09-04T06:18:14","slug":"ataque-contra-navio-carregado-de-droga-proveniente-da-venezuela-matou-11-terroristas-diz-trump","status":"publish","type":"post","link":"https:\/\/www.europesays.com\/pt\/58122\/","title":{"rendered":"Ataque contra navio carregado de droga proveniente da Venezuela matou \u201c11 terroristas\u201d, diz Trump"},"content":{"rendered":"<p>Donald Trump confirmou hoje que as for\u00e7as americanas dispararam contra um \u201cbarco que transportava droga\u201d e acabara de sair da Venezuela, enquanto os Estados Unidos realizavam um desdobramento militar na regi\u00e3o das Cara\u00edbas, um ataque denunciado por Caracas.<\/p>\n<p class=\"p1\">\u201cLiteralmente destru\u00edmos um barco, um barco que transportava drogas, muita droga. E voc\u00eas ver\u00e3o e ler\u00e3o sobre isso. Aconteceu h\u00e1 alguns momentos\u201d, afirmou o Presidente \u00e0 imprensa durante uma interven\u00e7\u00e3o na Sala Oval, antes de acrescentar que \u201cestas [drogas] prov\u00eam da Venezuela\u201d.<\/p>\n<p>Por\u00e9m, o Donald Trump n\u00e3o deu mais detalhes sobre uma suposta opera\u00e7\u00e3o militar nas costas do pa\u00eds sul-americano, onde a Marinha dos Estados Unidos posicionou v\u00e1rios navios de guerra.<\/p>\n<p>Trump elogiou o \u201cincr\u00edvel\u201d chefe do Estado-Maior Conjunto, Dan Caine, que o manteve informado sobre o ataque ao suposto navio venezuelano, um movimento confirmado pouco depois pelo secret\u00e1rio de Estado, Marco Rubio, atrav\u00e9s de uma mensagem na rede social X.<\/p>\n<p class=\"p1\">\u201cTemos uma grande quantidade de drogas que chegam ao nosso pa\u00eds h\u00e1 muito tempo, e estas prov\u00eam da Venezuela. Saem em grandes quantidades da Venezuela. Muitas coisas est\u00e3o a sair da Venezuela, ent\u00e3o elimin\u00e1mos (o barco)\u201d, acrescentou o mandat\u00e1rio.<\/p>\n<p>O republicano adiantou que se saberia mais \u201cdepois da reuni\u00e3o\u201d na Sala Oval, avan\u00e7ando a possibilidade de um comunicado da Administra\u00e7\u00e3o norte-americana com mais detalhes sobre o ataque.<\/p>\n<p class=\"p1\">Pouco depois, numa <a href=\"https:\/\/truthsocial.com\/@realDonaldTrump\/posts\/115136798909755892\" target=\"_blank\" rel=\"noopener noreferrer nofollow\">publica\u00e7\u00e3o<\/a> na sua rede social, a Truth Social, Trump detalhou que o ataque visou o Tren de Aragua, \u201cuma organiza\u00e7\u00e3o terrorista estrangeira, operando sob o controlo de Nicol\u00e1s Maduro, respons\u00e1vel por homic\u00eddios em massa, tr\u00e1fico de droga, tr\u00e1fico sexual e atos de viol\u00eancia e terror nos Estados Unidos e no Hemisf\u00e9rio Ocidental\u201d.<\/p>\n<p class=\"p1\">\u201cO ataque ocorreu enquanto os terroristas estavam no mar, em \u00e1guas internacionais, transportando narc\u00f3ticos ilegais com destino aos Estados Unidos. O ataque resultou em 11 terroristas mortos em a\u00e7\u00e3o. Nenhuma for\u00e7a dos Estados Unidos foi ferida neste ataque. Que isto sirva de aviso a qualquer pessoa que esteja sequer a pensar em trazer droga para os Estados Unidos da Am\u00e9rica\u201d, acrescentou.<\/p>\n<p>Os Estados Unidos deslocaram oito navios militares com m\u00edsseis e um submarino de propuls\u00e3o nuclear para \u00e1reas de mar pr\u00f3ximo das costas da Venezuela para combater o tr\u00e1fico de drogas, que \u201ccontaminam\u201d as ruas do pa\u00eds norte-americano.<\/p>\n<p>Em resposta, o Presidente da Venezuela, Nicol\u00e1s Maduro, advertiu esta segunda-feira que o seu pa\u00eds enfrenta o que considera a \u201cmaior amea\u00e7a que se viu\u201d na Am\u00e9rica \u201cnos \u00faltimos 100 anos\u201d e assegurou que a sua na\u00e7\u00e3o se declararia \u201cem armas\u201d se \u201cfosse agredida\u201d.<\/p>\n","protected":false},"excerpt":{"rendered":"Donald Trump confirmou hoje que as for\u00e7as americanas dispararam contra um \u201cbarco que transportava droga\u201d e acabara de&hellip;\n","protected":false},"author":2,"featured_media":58123,"comment_status":"","ping_status":"","sticky":false,"template":"","format":"standard","meta":{"footnotes":""},"categories":[8],"tags":[27,28,15,16,14,25,26,21,22,12,13,19,20,32,23,24,33,17,18,29,30,31],"class_list":{"0":"post-58122","1":"post","2":"type-post","3":"status-publish","4":"format-standard","5":"has-post-thumbnail","7":"category-principais-noticias","8":"tag-breaking-news","9":"tag-breakingnews","10":"tag-featured-news","11":"tag-featurednews","12":"tag-headlines","13":"tag-latest-news","14":"tag-latestnews","15":"tag-main-news","16":"tag-mainnews","17":"tag-news","18":"tag-noticias","19":"tag-noticias-principais","20":"tag-noticiasprincipais","21":"tag-portugal","22":"tag-principais-noticias","23":"tag-principaisnoticias","24":"tag-pt","25":"tag-top-stories","26":"tag-topstories","27":"tag-ultimas","28":"tag-ultimas-noticias","29":"tag-ultimasnoticias"},"share_on_mastodon":{"url":"","error":""},"_links":{"self":[{"href":"https:\/\/www.europesays.com\/pt\/wp-json\/wp\/v2\/posts\/58122","targetHints":{"allow":["GET"]}}],"collection":[{"href":"https:\/\/www.europesays.com\/pt\/wp-json\/wp\/v2\/posts"}],"about":[{"href":"https:\/\/www.europesays.com\/pt\/wp-json\/wp\/v2\/types\/post"}],"author":[{"embeddable":true,"href":"https:\/\/www.europesays.com\/pt\/wp-json\/wp\/v2\/users\/2"}],"replies":[{"embeddable":true,"href":"https:\/\/www.europesays.com\/pt\/wp-json\/wp\/v2\/comments?post=58122"}],"version-history":[{"count":0,"href":"https:\/\/www.europesays.com\/pt\/wp-json\/wp\/v2\/posts\/58122\/revisions"}],"wp:featuredmedia":[{"embeddable":true,"href":"https:\/\/www.europesays.com\/pt\/wp-json\/wp\/v2\/media\/58123"}],"wp:attachment":[{"href":"https:\/\/www.europesays.com\/pt\/wp-json\/wp\/v2\/media?parent=58122"}],"wp:term":[{"taxonomy":"category","embeddable":true,"href":"https:\/\/www.europesays.com\/pt\/wp-json\/wp\/v2\/categories?post=58122"},{"taxonomy":"post_tag","embeddable":true,"href":"https:\/\/www.europesays.com\/pt\/wp-json\/wp\/v2\/tags?post=58122"}],"curies":[{"name":"wp","href":"https:\/\/api.w.org\/{rel}","templated":true}]}}