{"id":58383,"date":"2025-09-04T11:26:10","date_gmt":"2025-09-04T11:26:10","guid":{"rendered":"https:\/\/www.europesays.com\/pt\/58383\/"},"modified":"2025-09-04T11:26:10","modified_gmt":"2025-09-04T11:26:10","slug":"apresentador-raul-gil-e-internado-em-hospital-de-sao-paulo","status":"publish","type":"post","link":"https:\/\/www.europesays.com\/pt\/58383\/","title":{"rendered":"Apresentador Raul Gil \u00e9 internado em hospital de S\u00e3o Paulo"},"content":{"rendered":"<p>O apresentador Raul Gil, de 86 anos, est\u00e1 internado no Hospital Moriah, em S\u00e3o Paulo. Ele deu entrada na unidade hospitalar, localizada no bairro Indian\u00f3polis, zona sul da capital, na noite desta quarta-feira (3).<\/p>\n<p> + <a href=\"https:\/\/sbtnews.sbt.com.br\/noticia\/brasil\/sbt-contrata-jornalista-sidney-rezende\" target=\"_self\" rel=\"nofollow noopener\">SBT contrata jornalista Sidney Rezende<\/a><\/p>\n<p>De acordo com o filho de Raul Gil, o pai teve uma indisposi\u00e7\u00e3o durante \u00e0 noite e foi ao hospital, pr\u00f3ximo onde reside, para realizar exames. No local, a equipe do Dr. S\u00e9rgio Felizola o atendeu. \u201cEst\u00e1 tudo bem, gra\u00e7as a Deus\u201d, disse Raul Jr. <\/p>\n<p>O apresentador fez coleta de sangue para exames, mas, segundo o filho, n\u00e3o passou de um susto e o estado de sa\u00fade do pai \u00e9 est\u00e1vel. Ele permanece na unidade de sa\u00fade.<\/p>\n<p>Em nota, a assessoria de imprensa de Raul Gil confirmou a interna\u00e7\u00e3o, mas informou que n\u00e3o vai divulgar detalhes sobre o estado de sa\u00fade do apresentador neste momento.<\/p>\n<p>Hist\u00f3ria e legado <\/p>\n<p>Figura hist\u00f3rica da televis\u00e3o brasileira, Raul Gil tem mais de 60 anos de carreira e se tornou um dos comunicadores mais populares do pa\u00eds com programas de audit\u00f3rio marcados por quadros musicais e revela\u00e7\u00e3o de talentos.<\/p>\n<p> + <a href=\"https:\/\/sbtnews.sbt.com.br\/noticia\/brasil\/documentario-inedito-do-sbt-reporter-com-revelacoes-sobre-o-caso-suzane-von-richthofen-deixa-o-programa-na-vice-lideranca\" target=\"_self\" rel=\"nofollow noopener\">SBT Rep\u00f3rter traz revela\u00e7\u00f5es sobre o caso Richthofen e alcan\u00e7a a vice-lideran\u00e7a<\/a><\/p>\n<p>Nos anos 1960, estreou na televis\u00e3o, apresentando atra\u00e7\u00f5es de audit\u00f3rio em diversas emissoras, entre elas Record, Tupi, Excelsior, Manchete, Band e SBT.<\/p>\n<p>O apresentador ficou famoso por criar quadros que revelaram talentos e marcaram gera\u00e7\u00f5es. Entre os mais conhecidos est\u00e3o o \u201cQuem Sabe, Canta\u201d, que abriu portas para in\u00fameros artistas da m\u00fasica brasileira, e o \u201cBanquinho\u201d, em que convidados e celebridades participavam de um divertido jogo de perguntas e respostas.<\/p>\n","protected":false},"excerpt":{"rendered":"O apresentador Raul Gil, de 86 anos, est\u00e1 internado no Hospital Moriah, em S\u00e3o Paulo. Ele deu entrada&hellip;\n","protected":false},"author":2,"featured_media":58384,"comment_status":"","ping_status":"","sticky":false,"template":"","format":"standard","meta":{"footnotes":""},"categories":[145],"tags":[211,210,114,115,980,1789,32,33,117,218],"class_list":{"0":"post-58383","1":"post","2":"type-post","3":"status-publish","4":"format-standard","5":"has-post-thumbnail","7":"category-celebridades","8":"tag-celebridades","9":"tag-celebrities","10":"tag-entertainment","11":"tag-entretenimento","12":"tag-famosos","13":"tag-hospital","14":"tag-portugal","15":"tag-pt","16":"tag-saude","17":"tag-televisao"},"share_on_mastodon":{"url":"","error":""},"_links":{"self":[{"href":"https:\/\/www.europesays.com\/pt\/wp-json\/wp\/v2\/posts\/58383","targetHints":{"allow":["GET"]}}],"collection":[{"href":"https:\/\/www.europesays.com\/pt\/wp-json\/wp\/v2\/posts"}],"about":[{"href":"https:\/\/www.europesays.com\/pt\/wp-json\/wp\/v2\/types\/post"}],"author":[{"embeddable":true,"href":"https:\/\/www.europesays.com\/pt\/wp-json\/wp\/v2\/users\/2"}],"replies":[{"embeddable":true,"href":"https:\/\/www.europesays.com\/pt\/wp-json\/wp\/v2\/comments?post=58383"}],"version-history":[{"count":0,"href":"https:\/\/www.europesays.com\/pt\/wp-json\/wp\/v2\/posts\/58383\/revisions"}],"wp:featuredmedia":[{"embeddable":true,"href":"https:\/\/www.europesays.com\/pt\/wp-json\/wp\/v2\/media\/58384"}],"wp:attachment":[{"href":"https:\/\/www.europesays.com\/pt\/wp-json\/wp\/v2\/media?parent=58383"}],"wp:term":[{"taxonomy":"category","embeddable":true,"href":"https:\/\/www.europesays.com\/pt\/wp-json\/wp\/v2\/categories?post=58383"},{"taxonomy":"post_tag","embeddable":true,"href":"https:\/\/www.europesays.com\/pt\/wp-json\/wp\/v2\/tags?post=58383"}],"curies":[{"name":"wp","href":"https:\/\/api.w.org\/{rel}","templated":true}]}}