{"id":58436,"date":"2025-09-04T12:14:08","date_gmt":"2025-09-04T12:14:08","guid":{"rendered":"https:\/\/www.europesays.com\/pt\/58436\/"},"modified":"2025-09-04T12:14:08","modified_gmt":"2025-09-04T12:14:08","slug":"radiohead-voltam-aos-concertos-depois-de-paragem-de-mais-de-sete-anos-musica","status":"publish","type":"post","link":"https:\/\/www.europesays.com\/pt\/58436\/","title":{"rendered":"Radiohead voltam aos concertos depois de paragem de mais de sete anos | M\u00fasica"},"content":{"rendered":"<p>Os brit\u00e2nicos Radiohead anunciaram na quarta-feira uma digress\u00e3o europeia de 20 datas em Novembro e Dezembro, as primeiras actua\u00e7\u00f5es ao vivo da banda de rock por detr\u00e1s dos \u00e1lbuns seminais OK Computer e<a href=\"https:\/\/www.publico.pt\/2021\/01\/29\/culturaipsilon\/noticia\/esquecemonos-sonhos-mundo-digital-kid-ficamos-pesadelos-1947835\" rel=\"nofollow noopener\" target=\"_blank\"> Kid A <\/a>no in\u00edcio deste s\u00e9culo.<\/p>\n<p>&#8220;No ano passado, junt\u00e1mo-nos para ensaiar, s\u00f3 por divers\u00e3o&#8221;, disse o baterista Philip Selway no Instagram.&#8221;Depois de uma pausa de sete anos, foi muito bom voltar a tocar as can\u00e7\u00f5es e voltarmos a criar uma liga\u00e7\u00e3o com uma identidade musical que se alojou profundamente dentro de n\u00f3s os cinco.&#8221;<\/p>\n<p>Os Radiohead, que incluem tamb\u00e9m o vocalista e principal compositor Thom Yorke, os guitarristas Jonny Greenwood e Ed O&#8217;Brien, e o baixista Colin Greenwood, v\u00e3o actuar quatro vezes em Madrid, Bolonha, Londres, Copenhaga e Berlim.<\/p>\n<p>O terceiro \u00e1lbum do grupo, OK Computer de 1997, explorou temas como a ansiedade e a aliena\u00e7\u00e3o, marcando um afastamento do optimismo da era britpop.<\/p>\n<p>O regresso dos Radiohead segue-se \u00e0 <a href=\"https:\/\/www.publico.pt\/2025\/07\/03\/culturaipsilon\/noticia\/oasis-comecam-escrever-segundo-capitulo-historia-2138872\" rel=\"nofollow noopener\" target=\"_blank\">reuni\u00e3o dos Oasis<\/a>, a maior banda brit\u00e2nica dos anos 1990, numa digress\u00e3o aclamada pela cr\u00edtica este Ver\u00e3o.<\/p>\n<p>Os f\u00e3s podem registar-se para comprar bilhetes para a digress\u00e3o dos Radiohead a partir de sexta-feira.<\/p>\n","protected":false},"excerpt":{"rendered":"Os brit\u00e2nicos Radiohead anunciaram na quarta-feira uma digress\u00e3o europeia de 20 datas em Novembro e Dezembro, as primeiras&hellip;\n","protected":false},"author":2,"featured_media":58437,"comment_status":"","ping_status":"","sticky":false,"template":"","format":"standard","meta":{"footnotes":""},"categories":[141],"tags":[315,1413,114,115,1757,149,150,542,32,33,13980],"class_list":{"0":"post-58436","1":"post","2":"type-post","3":"status-publish","4":"format-standard","5":"has-post-thumbnail","7":"category-musica","8":"tag-cultura","9":"tag-cultura-ipsilon","10":"tag-entertainment","11":"tag-entretenimento","12":"tag-ipsilon","13":"tag-music","14":"tag-musica","15":"tag-para-redes","16":"tag-portugal","17":"tag-pt","18":"tag-radiohead"},"share_on_mastodon":{"url":"","error":""},"_links":{"self":[{"href":"https:\/\/www.europesays.com\/pt\/wp-json\/wp\/v2\/posts\/58436","targetHints":{"allow":["GET"]}}],"collection":[{"href":"https:\/\/www.europesays.com\/pt\/wp-json\/wp\/v2\/posts"}],"about":[{"href":"https:\/\/www.europesays.com\/pt\/wp-json\/wp\/v2\/types\/post"}],"author":[{"embeddable":true,"href":"https:\/\/www.europesays.com\/pt\/wp-json\/wp\/v2\/users\/2"}],"replies":[{"embeddable":true,"href":"https:\/\/www.europesays.com\/pt\/wp-json\/wp\/v2\/comments?post=58436"}],"version-history":[{"count":0,"href":"https:\/\/www.europesays.com\/pt\/wp-json\/wp\/v2\/posts\/58436\/revisions"}],"wp:featuredmedia":[{"embeddable":true,"href":"https:\/\/www.europesays.com\/pt\/wp-json\/wp\/v2\/media\/58437"}],"wp:attachment":[{"href":"https:\/\/www.europesays.com\/pt\/wp-json\/wp\/v2\/media?parent=58436"}],"wp:term":[{"taxonomy":"category","embeddable":true,"href":"https:\/\/www.europesays.com\/pt\/wp-json\/wp\/v2\/categories?post=58436"},{"taxonomy":"post_tag","embeddable":true,"href":"https:\/\/www.europesays.com\/pt\/wp-json\/wp\/v2\/tags?post=58436"}],"curies":[{"name":"wp","href":"https:\/\/api.w.org\/{rel}","templated":true}]}}