{"id":58473,"date":"2025-09-04T12:50:20","date_gmt":"2025-09-04T12:50:20","guid":{"rendered":"https:\/\/www.europesays.com\/pt\/58473\/"},"modified":"2025-09-04T12:50:20","modified_gmt":"2025-09-04T12:50:20","slug":"channing-tatum-revela-lesao-no-set-e-mudanca-de-gambit-em-vingadores-doomsday-r7-entretenimento","status":"publish","type":"post","link":"https:\/\/www.europesays.com\/pt\/58473\/","title":{"rendered":"Channing Tatum revela les\u00e3o no set e mudan\u00e7a de Gambit em \u2018Vingadores: Doomsday\u2019 \u2013 R7 Entretenimento"},"content":{"rendered":"<p>Ator machucou a perna durante as grava\u00e7\u00f5es do filme que tem previs\u00e3o de estreia para dezembro do ano que vem<\/p>\n<p>LEIA AQUI O RESUMO DA NOT\u00cdCIA<\/p>\n<ul class=\"b-article-body-custom-embed-brief-news__list\" style=\"margin: 0; padding-left: 20px; list-style-type: disc;\">\n<li>Channing Tatum machucou a perna durante as filmagens de Vingadores: Doomsday.<\/li>\n<li>O ator teve que ser substitu\u00eddo por um dubl\u00ea em algumas cenas, incluindo uma luta com o Doutor Destino.<\/li>\n<li>Em sua nova interpreta\u00e7\u00e3o de Gambit, Tatum evitar\u00e1 usar o sotaque cajun carregado visto em Deadpool.<\/li>\n<li>O filme tem previs\u00e3o de estreia para dezembro do ano que vem, com diretores buscando equilibrar com\u00e9dia e drama.<\/li>\n<\/ul>\n<p style=\"font-size: 0.8em; font-style: italic; text-align: right; margin-top: 15px; padding-bottom: 5px; margin-bottom: 0;\">Produzido pela Ri7a &#8211; a Intelig\u00eancia Artificial do R7<\/p>\n<p><img decoding=\"async\" data-chromatic=\"ignore\" alt=\"\" class=\"c-image\" loading=\"lazy\" src=\"https:\/\/www.europesays.com\/pt\/wp-content\/uploads\/2025\/09\/WVL4H2CM4VEITKRN7JIHEI7TPI.jpg\"  width=\"1400\" height=\"762\"\/>Channing Tatum volta a interpretar o mutante Gambit em &#8216;Vingadores: Doomsday&#8217; Divulga\u00e7\u00e3o <\/p>\n<p class=\"dark:base-text-neutral-high-400 base-text-[calc(theme(fontSize.xs)_*_var(--font-size,_1))] base-font-normal base-font-primary base-text-neutral-low-500 base-text-left\">O ator <b>Channing Tatum<\/b> revelou em entrevista publicada nesta ter\u00e7a-feira (2) pela Variety que machucou a perna durante as filmagens de <b>Vingadores: Doomsday<\/b>. Ele teve que ser substitu\u00eddo por um dubl\u00ea em algumas cenas, entre elas uma luta com o <b>Doutor Destino<\/b>, papel de <b>Robert Downey Jr<\/b>..<\/p>\n<p class=\"dark:base-text-neutral-high-400 base-text-[calc(theme(fontSize.xs)_*_var(--font-size,_1))] base-font-normal base-font-primary base-text-neutral-low-500 base-text-left\">\u201cProvavelmente estar\u00edamos jogando boliche ou algo assim se eu n\u00e3o estivesse assim\u201d, brincou Tatum com a reportagem da Variety. O ator estava mancando bastante.<\/p>\n<p class=\"dark:base-text-neutral-high-400 base-text-[calc(theme(fontSize.xs)_*_var(--font-size,_1))] base-font-normal base-font-primary base-text-neutral-low-500 base-text-left\">Em Vingadores: Doomsday, Tatum volta a dar vida a Gambit, um dos personagens mais queridos dos f\u00e3s da <a href=\"https:\/\/www.r7.com\/tudo-sobre\/marvel\/\" target=\"_self\" rel=\"nofollow noopener\" title=\"https:\/\/www.r7.com\/tudo-sobre\/marvel\/\"><b>Marvel<\/b><\/a>. Mas quem curtiu a presen\u00e7a do her\u00f3i em <a href=\"https:\/\/entretenimento.r7.com\/prisma\/cinema-de-segunda\/deadpool-wolverine-diverte-os-fas-mas-fica-longe-de-salvar-o-mcu-25072024\/\" target=\"_self\" rel=\"nofollow noopener\" title=\"https:\/\/entretenimento.r7.com\/prisma\/cinema-de-segunda\/deadpool-wolverine-diverte-os-fas-mas-fica-longe-de-salvar-o-mcu-25072024\/\"><b>Deadpool &amp; Wolverine<\/b><\/a>, pode se preparar. A representa\u00e7\u00e3o do personagem no novo filme vai ser bem diferente.<\/p>\n<p class=\"dark:base-text-neutral-high-400 base-text-[calc(theme(fontSize.xs)_*_var(--font-size,_1))] base-font-normal base-font-primary base-text-neutral-low-500 base-text-left\">A come\u00e7ar pelo sotaque. Gambit \u00e9 um mutante de Nova Orleans. No filme do Deadpool, o sotaque cajun (falado na regi\u00e3o) ficou muito carregado. Quase n\u00e3o dava para entender o que ele falava.<\/p>\n<p class=\"dark:base-text-neutral-high-400 base-text-[calc(theme(fontSize.xs)_*_var(--font-size,_1))] base-font-normal base-font-primary base-text-neutral-low-500 base-text-left\">\u201cN\u00e3o vou fazer um sotaque cajun completo\u201d, revelou Tatum \u00e0 Variety. \u201c[Os diretores Anthony e Joe Russo] querem que as coisas sejam engra\u00e7adas, mas n\u00e3o querem ir totalmente no estilo Deadpool. Eles querem manter o drama e manter tudo bem amarrado. Quando o Gambit fica s\u00e9rio \u2014 quando ele tira a m\u00e1scara de Mardi Gras \u2014 as coisas realmente importam\u201d.<\/p>\n<p class=\"dark:base-text-neutral-high-400 base-text-[calc(theme(fontSize.xs)_*_var(--font-size,_1))] base-font-normal base-font-primary base-text-neutral-low-500 base-text-left\">Vingadores: Doomsday tem previs\u00e3o de chegar aos <a href=\"https:\/\/www.r7.com\/tudo-sobre\/cinema\/\" target=\"_self\" rel=\"nofollow noopener\" title=\"https:\/\/www.r7.com\/tudo-sobre\/cinema\/\">cinemas<\/a> em dezembro do ano que vem. <\/p>\n<p><video controls=\"\" class=\"video-js\" preload=\"metadata\" poster=\"https:\/\/d22yf0mxeu0gma.cloudfront.net\/09-02-2025\/t_d4a5130f9e9d4dfe8cee423ca5591485_name_THUMB_BLOGS_KEILA_FAB_OLA___2025_09_02T115151_884.jpg\" title=\"The Rock perde quase 30 quilos para fazer novo personagem nos cinemas\" data-sprite-url=\"\" data-metadata=\"{&quot;title&quot;:&quot;The Rock perde quase 30 quilos para fazer novo personagem nos cinemas&quot;,&quot;sectionName&quot;:&quot;R7&quot;,&quot;mainSection&quot;:&quot;Cinema de Segunda&quot;,&quot;subSection&quot;:&quot;&quot;,&quot;views&quot;:&quot;&quot;,&quot;disableAdv&quot;:&quot;false&quot;,&quot;createdDate&quot;:&quot;2025-09-02T14:58:44Z&quot;,&quot;mainSectionUrl&quot;:&quot;https:\/\/entretenimento.r7.com\/prisma\/keila-jimenez\/video\/the-rock-perde-quase-30-quilos-para-fazer-novo-personagem-nos-cinemas-02092025\/&quot;,&quot;sectionPath&quot;:&quot;https:\/\/entretenimento.r7.com\/prisma\/keila-jimenez&quot;,&quot;ageRating&quot;:&quot;&quot;,&quot;ageRatingDescription&quot;:&quot;&quot;,&quot;duration&quot;:77120,&quot;playerUrl&quot;:&quot;https:\/\/entretenimento.r7.com\/player\/98c749fd-645f-444a-a66a-8339c0900324\/&quot;}\" data-player-params=\"{&quot;p&quot;:&quot;true&quot;,&quot;autoPlay&quot;:&quot;false&quot;,&quot;logo&quot;:&quot;true&quot;,&quot;playlistId&quot;:&quot;false&quot;,&quot;calhau&quot;:&quot;false&quot;,&quot;share&quot;:&quot;true&quot;,&quot;sz&quot;:&quot;false&quot;,&quot;full&quot;:&quot;true&quot;,&quot;customAdHash&quot;:&quot;\/7542\/blog\/cinema-de-segunda&quot;,&quot;referrerUrl&quot;:&quot;&quot;,&quot;externalLinks&quot;:&quot;true&quot;,&quot;debug&quot;:&quot;false&quot;,&quot;debugHash&quot;:&quot;false&quot;,&quot;debugRelated&quot;:&quot;false&quot;,&quot;timerRelated&quot;:&quot;true&quot;,&quot;logoRecord&quot;:&quot;false&quot;,&quot;contextModal&quot;:&quot;false&quot;,&quot;parentUrl&quot;:&quot;https:\/\/record.r7.com\/&quot;,&quot;t&quot;:&quot;0&quot;,&quot;noTitle&quot;:false,&quot;endBehavior&quot;:&quot;default&quot;}\" data-related-videos=\"[{&quot;title&quot;:&quot;Gabigol comemora anivers&#xE1;rio em hotel de luxo em SP ao lado da namorada e de Neymar&quot;,&quot;thumb&quot;:&quot;https:\/\/d22yf0mxeu0gma.cloudfront.net\/09-03-2025\/t_bdaaa84b1f03460da84de39943f1dc91_name_esse.jpg&quot;,&quot;url&quot;:&quot;https:\/\/entretenimento.r7.com\/prisma\/keila-jimenez\/video\/gabigol-comemora-aniversario-em-hotel-de-luxo-em-sp-ao-lado-da-namorada-e-de-neymar-03092025\/&quot;,&quot;embedUrl&quot;:&quot;https:\/\/entretenimento.r7.com\/player\/5eaa1924-4dac-48bd-82e9-429b6d3b5ccd\/&quot;},{&quot;title&quot;:&quot;Garanh&#xE3;o? Z&#xE9; Felipe estaria interessado em amiga de Ana Castela&quot;,&quot;thumb&quot;:&quot;https:\/\/d22yf0mxeu0gma.cloudfront.net\/09-03-2025\/t_696c971065ed434898dfcb2f5ca2ec67_name_signal_2025_09_03_122135_002.jpeg&quot;,&quot;url&quot;:&quot;https:\/\/entretenimento.r7.com\/prisma\/keila-jimenez\/video\/garanhao-ze-felipe-estaria-interessado-em-amiga-de-ana-castela-03092025\/&quot;,&quot;embedUrl&quot;:&quot;https:\/\/entretenimento.r7.com\/player\/92c03f1a-98b4-405b-83f3-2011965c2560\/&quot;},{&quot;title&quot;:&quot;Acabou! Taylor Swift n&#xE3;o vai convidar Blake Lively e Ryan Reynolds para o casamento&quot;,&quot;thumb&quot;:&quot;https:\/\/d22yf0mxeu0gma.cloudfront.net\/09-03-2025\/t_4e5c8ab291e941849fa2c8709b63851e_name_signal_2025_09_03_120334_002.jpeg&quot;,&quot;url&quot;:&quot;https:\/\/entretenimento.r7.com\/prisma\/keila-jimenez\/video\/acabou-taylor-swift-nao-vai-convidar-blake-lively-e-ryan-reynolds-para-o-casamento-03092025\/&quot;,&quot;embedUrl&quot;:&quot;https:\/\/entretenimento.r7.com\/player\/174e82b7-9dfa-4347-9754-51652ec5fecc\/&quot;}]\" data-player-url=\"https:\/\/entretenimento.r7.com\/player\/98c749fd-645f-444a-a66a-8339c0900324\/\" data-arc-video=\"\" data-arc-id=\"98c749fd-645f-444a-a66a-8339c0900324\" data-short=\"false\" style=\"visibility:hidden\"><\/video><\/p>\n<p class=\"dark:base-text-neutral-high-400 base-text-[calc(theme(fontSize.xs)_*_var(--font-size,_1))] base-font-normal base-font-primary base-text-neutral-low-500 base-text-left\">\ud83d\udc49 <b>Siga o Cinema de Segunda no <\/b><a href=\"https:\/\/www.instagram.com\/cinemadesegunda\/\" target=\"_blank\" rel=\"nofollow noopener\" title=\"https:\/\/www.instagram.com\/cinemadesegunda\/\"><b>Instagram<\/b><\/a><b>, no <\/b><a href=\"https:\/\/www.youtube.com\/@CinemadeSegunda\" target=\"_blank\" rel=\"nofollow noopener\" title=\"https:\/\/www.youtube.com\/@CinemadeSegunda\"><b>YouTube<\/b><\/a><b> e no <\/b><a href=\"https:\/\/www.tiktok.com\/@cinemadesegunda\" target=\"_blank\" rel=\"nofollow noopener\" title=\"https:\/\/www.tiktok.com\/@cinemadesegunda\"><b>TikTok<\/b><\/a><b>!<\/b><\/p>\n<p class=\"dark:base-text-neutral-high-400 base-text-[calc(theme(fontSize.xs)_*_var(--font-size,_1))] base-font-normal base-font-primary base-text-neutral-low-500 base-text-left\"><b>\u2705Para saber tudo do mundo dos famosos, <\/b><a href=\"https:\/\/whatsapp.com\/channel\/0029Va9UfKcHQbRyCyhPt71R\" rel=\"nofollow noopener\" title=\"https:\/\/whatsapp.com\/channel\/0029Va9UfKcHQbRyCyhPt71R\" target=\"_blank\"><b>siga o canal de entretenimento do R7<\/b><\/a><b>, o portal de not\u00edcias da Record, no WhatsApp<\/b><\/p>\n<p>Os textos aqui publicados <strong>n\u00e3o refletem<\/strong> necessariamente a opini\u00e3o do<strong> Grupo Record<\/strong>.<\/p>\n<p><script async src=\"\/\/www.instagram.com\/embed.js\"><\/script><script async src=\"\/\/www.tiktok.com\/embed.js\"><\/script><\/p>\n","protected":false},"excerpt":{"rendered":"Ator machucou a perna durante as grava\u00e7\u00f5es do filme que tem previs\u00e3o de estreia para dezembro do ano&hellip;\n","protected":false},"author":2,"featured_media":58474,"comment_status":"","ping_status":"","sticky":false,"template":"","format":"standard","meta":{"footnotes":""},"categories":[140],"tags":[470,5932,114,115,147,148,792,146,32,33],"class_list":{"0":"post-58473","1":"post","2":"type-post","3":"status-publish","4":"format-standard","5":"has-post-thumbnail","7":"category-filmes","8":"tag-cinema","9":"tag-cultura-pop","10":"tag-entertainment","11":"tag-entretenimento","12":"tag-film","13":"tag-filmes","14":"tag-marvel","15":"tag-movies","16":"tag-portugal","17":"tag-pt"},"share_on_mastodon":{"url":"","error":""},"_links":{"self":[{"href":"https:\/\/www.europesays.com\/pt\/wp-json\/wp\/v2\/posts\/58473","targetHints":{"allow":["GET"]}}],"collection":[{"href":"https:\/\/www.europesays.com\/pt\/wp-json\/wp\/v2\/posts"}],"about":[{"href":"https:\/\/www.europesays.com\/pt\/wp-json\/wp\/v2\/types\/post"}],"author":[{"embeddable":true,"href":"https:\/\/www.europesays.com\/pt\/wp-json\/wp\/v2\/users\/2"}],"replies":[{"embeddable":true,"href":"https:\/\/www.europesays.com\/pt\/wp-json\/wp\/v2\/comments?post=58473"}],"version-history":[{"count":0,"href":"https:\/\/www.europesays.com\/pt\/wp-json\/wp\/v2\/posts\/58473\/revisions"}],"wp:featuredmedia":[{"embeddable":true,"href":"https:\/\/www.europesays.com\/pt\/wp-json\/wp\/v2\/media\/58474"}],"wp:attachment":[{"href":"https:\/\/www.europesays.com\/pt\/wp-json\/wp\/v2\/media?parent=58473"}],"wp:term":[{"taxonomy":"category","embeddable":true,"href":"https:\/\/www.europesays.com\/pt\/wp-json\/wp\/v2\/categories?post=58473"},{"taxonomy":"post_tag","embeddable":true,"href":"https:\/\/www.europesays.com\/pt\/wp-json\/wp\/v2\/tags?post=58473"}],"curies":[{"name":"wp","href":"https:\/\/api.w.org\/{rel}","templated":true}]}}