{"id":58479,"date":"2025-09-04T12:53:07","date_gmt":"2025-09-04T12:53:07","guid":{"rendered":"https:\/\/www.europesays.com\/pt\/58479\/"},"modified":"2025-09-04T12:53:07","modified_gmt":"2025-09-04T12:53:07","slug":"junto-de-afonso-catarina-miranda-reage-com-nojo-a-fotografia-de-jessica-as-imagens-que-todos-falam-big-brother","status":"publish","type":"post","link":"https:\/\/www.europesays.com\/pt\/58479\/","title":{"rendered":"Junto de Afonso, Catarina Miranda reage com nojo a fotografia de J\u00e9ssica! As imagens que todos falam &#8211; Big Brother"},"content":{"rendered":"<p>Numa noite de festa, <a href=\"https:\/\/tvi.iol.pt\/bigbrother\/noticias\/Catarina-Miranda\" target=\"_blank\" rel=\"nofollow noopener\"><strong>Catarina Miranda<\/strong><\/a> voltou a surpreender no\u00a0<a href=\"https:\/\/tvi.iol.pt\/bigbrother\/\" target=\"_blank\" rel=\"nofollow noopener\"><strong>Big Brother Ver\u00e3o<\/strong><\/a>, desta vez por causa de uma fotografia. <a href=\"https:\/\/tvi.iol.pt\/bigbrother\/noticias\/Catarina-Miranda\" target=\"_blank\" rel=\"nofollow noopener\"><strong>Miranda<\/strong><\/a>\u00a0n\u00e3o escondeu o seu desagrado ao ver uma imagem de <strong><a href=\"https:\/\/tvi.iol.pt\/bigbrother\/noticias\/J%C3%A9ssica-Vieira\" target=\"_blank\" rel=\"nofollow noopener\">J\u00e9ssica Vieira<\/a> <\/strong>e reagiu de imediato: <strong>\u00abQue nojo\u00bb<\/strong>.<\/p>\n<p>Veja aqui:<\/p>\n<p>A concorrente explicou depois, em conversa com <a href=\"https:\/\/tvi.iol.pt\/bigbrother\/noticias\/Afonso-Leit%C3%A3o\" target=\"_blank\" rel=\"nofollow noopener\"><strong>Afonso Leit\u00e3o<\/strong><\/a>, o motivo da sua rea\u00e7\u00e3o. Segundo <a href=\"https:\/\/tvi.iol.pt\/bigbrother\/noticias\/Catarina-Miranda\" target=\"_blank\" rel=\"nofollow noopener\"><strong>Catarina Miranda<\/strong><\/a>, a fotografia em quest\u00e3o mostrava <strong>J\u00e9ssica<\/strong>,\u00a0<strong>Bruna<\/strong> e <strong>Viriato Quintela<\/strong>,\u00a0com comida na boca. O detalhe desagradou-a profundamente, sobretudo por j\u00e1 a terem criticado pelo mesmo, segundo o que contou. A concorrente sentiu-se revoltada com a situa\u00e7\u00e3o, por considerar que tem sido alvo de cr\u00edticas injustas, enquanto comportamentos semelhantes por parte de outros s\u00e3o ignorados.<\/p>\n<p>Veja o v\u00eddeo: <\/p>\n<p>O epis\u00f3dio promete agitar os \u00e2nimos no <a href=\"https:\/\/tvi.iol.pt\/bigbrother\/\" target=\"_blank\" rel=\"nofollow noopener\"><strong>Big Brother Ver\u00e3o<\/strong><\/a>, onde as rela\u00e7\u00f5es entre os concorrentes continuam a ser postas \u00e0 prova a cada dia que passa.<\/p>\n<p><strong>Veja tamb\u00e9m:<br \/><a href=\"https:\/\/tvi.iol.pt\/bigbrother\/fotos\/catarina-miranda-tenta-mais-uma-vez-beijar-afonso-leitao-e-este-reage-assim-as-imagens-do-momento-aqui\/68b8678bd34ef72ee44a1de7\" target=\"_blank\" rel=\"nofollow noopener\">Catarina Miranda tenta (mais uma vez) beijar Afonso Leit\u00e3o e este reage assim: As imagens do momento aqui<\/a><\/strong><\/p>\n<p>Estamos a poucos dias da final do <a href=\"https:\/\/tvi.iol.pt\/bigbrother\/\" target=\"_blank\" rel=\"nofollow noopener\"><strong>Big Brother Ver\u00e3o<\/strong><\/a>, e por isso deve votar para salvar o seu favorito. Viriato Quintela conquistou o passaporte para a final, mas os restantes concorrentes continuam em risco de abandonar a casa no pr\u00f3ximo domingo. Vote para salvar:<\/p>\n<p><strong>AFONSO &#8211; 761 20 20 01<br \/>BRUNA &#8211; 761 20 20 04<br \/>CATARINA MIRANDA &#8211; 761 20 20 05<br \/>J\u00c9SSICA &#8211; 761 20 20 07<\/strong><\/p>\n<p><strong><a href=\"https:\/\/tvi.iol.pt\/bigbrother\/aominuto\" wbo-id=\"33\" rel=\"nofollow noopener\" target=\"_blank\">Acompanhe ao minuto, tudo o que se passa no Big Brother Ver\u00e3o!<\/a><\/strong><\/p>\n","protected":false},"excerpt":{"rendered":"Numa noite de festa, Catarina Miranda voltou a surpreender no\u00a0Big Brother Ver\u00e3o, desta vez por causa de uma&hellip;\n","protected":false},"author":2,"featured_media":58480,"comment_status":"","ping_status":"","sticky":false,"template":"","format":"standard","meta":{"footnotes":""},"categories":[85],"tags":[2031,331,48,342,329,333,328,335,336,114,115,334,332,330,1417,13,32,33,162,227],"class_list":{"0":"post-58479","1":"post","2":"type-post","3":"status-publish","4":"format-standard","5":"has-post-thumbnail","7":"category-entretenimento","8":"tag-afonso-leitao","9":"tag-big","10":"tag-big-brother","11":"tag-catarina-miranda","12":"tag-claudio-ramos","13":"tag-comentadores","14":"tag-concorrentes","15":"tag-confrontos","16":"tag-discussoes","17":"tag-entertainment","18":"tag-entretenimento","19":"tag-exclusivos","20":"tag-expulso","21":"tag-gala","22":"tag-jessica-vieira","23":"tag-noticias","24":"tag-portugal","25":"tag-pt","26":"tag-tvi","27":"tag-videos"},"share_on_mastodon":{"url":"","error":""},"_links":{"self":[{"href":"https:\/\/www.europesays.com\/pt\/wp-json\/wp\/v2\/posts\/58479","targetHints":{"allow":["GET"]}}],"collection":[{"href":"https:\/\/www.europesays.com\/pt\/wp-json\/wp\/v2\/posts"}],"about":[{"href":"https:\/\/www.europesays.com\/pt\/wp-json\/wp\/v2\/types\/post"}],"author":[{"embeddable":true,"href":"https:\/\/www.europesays.com\/pt\/wp-json\/wp\/v2\/users\/2"}],"replies":[{"embeddable":true,"href":"https:\/\/www.europesays.com\/pt\/wp-json\/wp\/v2\/comments?post=58479"}],"version-history":[{"count":0,"href":"https:\/\/www.europesays.com\/pt\/wp-json\/wp\/v2\/posts\/58479\/revisions"}],"wp:featuredmedia":[{"embeddable":true,"href":"https:\/\/www.europesays.com\/pt\/wp-json\/wp\/v2\/media\/58480"}],"wp:attachment":[{"href":"https:\/\/www.europesays.com\/pt\/wp-json\/wp\/v2\/media?parent=58479"}],"wp:term":[{"taxonomy":"category","embeddable":true,"href":"https:\/\/www.europesays.com\/pt\/wp-json\/wp\/v2\/categories?post=58479"},{"taxonomy":"post_tag","embeddable":true,"href":"https:\/\/www.europesays.com\/pt\/wp-json\/wp\/v2\/tags?post=58479"}],"curies":[{"name":"wp","href":"https:\/\/api.w.org\/{rel}","templated":true}]}}