{"id":58603,"date":"2025-09-04T14:59:04","date_gmt":"2025-09-04T14:59:04","guid":{"rendered":"https:\/\/www.europesays.com\/pt\/58603\/"},"modified":"2025-09-04T14:59:04","modified_gmt":"2025-09-04T14:59:04","slug":"passado-conturbado-e-perda-de-custodia-da-filha-com-sergio-rossi-apos-entrar-no-big-brother-verao-bruna-continua-a-dar-que-falar","status":"publish","type":"post","link":"https:\/\/www.europesays.com\/pt\/58603\/","title":{"rendered":"Passado conturbado e perda de cust\u00f3dia da filha com S\u00e9rgio Rossi? Ap\u00f3s entrar no &#8220;Big Brother Ver\u00e3o&#8221;, Bruna continua a dar que falar"},"content":{"rendered":"<p data-end=\"772\" data-start=\"220\">A concorrente do Big Brother Ver\u00e3o, <strong data-end=\"267\" data-start=\"258\">Bruna<\/strong>, voltou a chamar a aten\u00e7\u00e3o, ap\u00f3s a sua emocionante &#8220;Curva da Vida&#8221; no programa. A cantora relatou ter vivido uma rela\u00e7\u00e3o t\u00f3xica ap\u00f3s o nascimento da filha em 2003, que a deixou completamente abalada \u2014 sozinha, sem recursos e sem apoio. Segundo contou, essa fase dif\u00edcil marcou o in\u00edcio de uma depress\u00e3o profunda, durante a qual \u201candou de casa em casa com a filha ao colo\u201d, sendo amparada apenas por familiares como Jorge Guerreiro e a sua m\u00e3e.<\/p>\n<p data-end=\"1011\" data-start=\"774\">Embora n\u00e3o tenha referido nomes, est\u00e1 impl\u00edcito que se referia ao pai da filha, o cantor S\u00e9rgio Rossi. Bruna explicou que se sentiu anulada na rela\u00e7\u00e3o, que lhe \u201carrancou toda a vida\u201d quando terminou.<\/p>\n<p data-end=\"1011\" data-start=\"774\">Agora, com a revista TV Guia a avan\u00e7ar novas informa\u00e7\u00f5es, a concorrente do reality show da TVI volta a dar que falar, pelo passado conturbado que levou \u00e0 perda da cust\u00f3dia de <a href=\"https:\/\/tvi.iol.pt\/vmais\/search?pagina=1&amp;pesquisa=yara+rossi\" target=\"_blank\" rel=\"nofollow noopener\">Yara Rossi<\/a>. O tema foi comentado no V+ Fama desta quinta-feira, 4 de setembro de 2025.<\/p>\n<p>A resposta de S\u00e9rgio Rossi <\/p>\n<p data-end=\"1491\" data-start=\"1045\">S\u00e9rgio Rossi reagiu com serenidade, salientando que \u201cfoi-lhe atribu\u00edda a guarda total da filha por ordem de um tribunal\u201d e que fez quest\u00e3o de criar a menina sozinho at\u00e9 aos cinco anos, ap\u00f3s o que partilhou a cust\u00f3dia, por iniciativa pr\u00f3pria. Expressou ainda o desejo de n\u00e3o alimentar pol\u00e9micas e de manter uma rela\u00e7\u00e3o cordial com a ex-companheira \u2014 por respeito \u00e0 filha.<\/p>\n<p>Um novo come\u00e7o <\/p>\n<p data-end=\"1872\" data-start=\"1513\">Bruna relembrou que, depois deste per\u00edodo dif\u00edcil, chegou um ponto de viragem na sua vida: conheceu o atual marido, com quem partilha <strong data-end=\"1690\" data-start=\"1647\">15 anos de amor, cumplicidade e amizade<\/strong>. Nesse momento, a sua vida reergueu-se: lan\u00e7ou o primeiro disco, tirou a carta de condu\u00e7\u00e3o, comprou casa e carro, e reorganizou a sua carreira.<\/p>\n<p>Uma filha que segue o caminho da arte <\/p>\n<p data-end=\"2316\" data-start=\"1917\">A filha, <strong data-end=\"1940\" data-start=\"1926\">Yara Rossi<\/strong>, j\u00e1 desempenha um papel ativo na m\u00fasica: lan\u00e7ou o seu primeiro single, Uma de Mim, no dia em que fez 21 anos. O tema foi apresentado em direto no programa Dois \u00e0s 10, da TVI. A rela\u00e7\u00e3o entre pai e filha mant\u00e9m-se pr\u00f3xima: Yara acompanha o pai nos concertos, faz parte do coro e trabalham juntos.<\/p>\n<p data-end=\"2316\" data-start=\"1917\">Veja, na galeria em cima, algumas das melhores fotos da jovem cantora, que herdou o talento dos pais para a m\u00fasica e a beleza.<\/p>\n","protected":false},"excerpt":{"rendered":"A concorrente do Big Brother Ver\u00e3o, Bruna, voltou a chamar a aten\u00e7\u00e3o, ap\u00f3s a sua emocionante &#8220;Curva da&hellip;\n","protected":false},"author":2,"featured_media":58604,"comment_status":"","ping_status":"","sticky":false,"template":"","format":"standard","meta":{"footnotes":""},"categories":[142],"tags":[73,72,48,66,1997,114,115,77,69,75,71,67,32,33,76,74,4761,70,35,151,78,68,16533],"class_list":{"0":"post-58603","1":"post","2":"type-post","3":"status-publish","4":"format-standard","5":"has-post-thumbnail","7":"category-tv","8":"tag-a-jornada","9":"tag-bate-bola","10":"tag-big-brother","11":"tag-bom-dia-alegria","12":"tag-bruna","13":"tag-entertainment","14":"tag-entretenimento","15":"tag-estudio-estadio","16":"tag-fanaticos","17":"tag-livre-e-direto","18":"tag-nova-geracao","19":"tag-para-si","20":"tag-portugal","21":"tag-pt","22":"tag-segredos-do-prazer","23":"tag-segue-o-jogo","24":"tag-sergio-rossi","25":"tag-super-craques","26":"tag-transferencias","27":"tag-tv","28":"tag-v-fama","29":"tag-var-aberto","30":"tag-yara-rossi"},"share_on_mastodon":{"url":"","error":""},"_links":{"self":[{"href":"https:\/\/www.europesays.com\/pt\/wp-json\/wp\/v2\/posts\/58603","targetHints":{"allow":["GET"]}}],"collection":[{"href":"https:\/\/www.europesays.com\/pt\/wp-json\/wp\/v2\/posts"}],"about":[{"href":"https:\/\/www.europesays.com\/pt\/wp-json\/wp\/v2\/types\/post"}],"author":[{"embeddable":true,"href":"https:\/\/www.europesays.com\/pt\/wp-json\/wp\/v2\/users\/2"}],"replies":[{"embeddable":true,"href":"https:\/\/www.europesays.com\/pt\/wp-json\/wp\/v2\/comments?post=58603"}],"version-history":[{"count":0,"href":"https:\/\/www.europesays.com\/pt\/wp-json\/wp\/v2\/posts\/58603\/revisions"}],"wp:featuredmedia":[{"embeddable":true,"href":"https:\/\/www.europesays.com\/pt\/wp-json\/wp\/v2\/media\/58604"}],"wp:attachment":[{"href":"https:\/\/www.europesays.com\/pt\/wp-json\/wp\/v2\/media?parent=58603"}],"wp:term":[{"taxonomy":"category","embeddable":true,"href":"https:\/\/www.europesays.com\/pt\/wp-json\/wp\/v2\/categories?post=58603"},{"taxonomy":"post_tag","embeddable":true,"href":"https:\/\/www.europesays.com\/pt\/wp-json\/wp\/v2\/tags?post=58603"}],"curies":[{"name":"wp","href":"https:\/\/api.w.org\/{rel}","templated":true}]}}