{"id":58740,"date":"2025-09-04T17:13:12","date_gmt":"2025-09-04T17:13:12","guid":{"rendered":"https:\/\/www.europesays.com\/pt\/58740\/"},"modified":"2025-09-04T17:13:12","modified_gmt":"2025-09-04T17:13:12","slug":"psp-trava-agressao-entre-vizinhas-no-bairro-da-nazare","status":"publish","type":"post","link":"https:\/\/www.europesays.com\/pt\/58740\/","title":{"rendered":"PSP trava agress\u00e3o entre vizinhas no Bairro da Nazar\u00e9"},"content":{"rendered":"\n<p class=\"p_0\">A Pol\u00edcia de Seguran\u00e7a P\u00fablica (PSP) foi chamada, ontem, a uma resid\u00eancia situada na Rua da Venezuela, no Bairro da Nazar\u00e9, para colocar fim a uma rixa entre vizinhas.<\/p>\n<p class=\"p_1\">De acordo com fonte policial, a situa\u00e7\u00e3o agravou-se quando duas mulheres envolveram-se em agress\u00f5es f\u00edsicas, resultando numa delas ferida e necessitando de assist\u00eancia no Hospital Dr. N\u00e9lio Mendon\u00e7a, onde chegou numa viatura de socorro.<\/p>\n<p class=\"p_2\">A causa da alterca\u00e7\u00e3o n\u00e3o \u00e9 conhecida, mas a desordem levou outros moradores a queixarem-se do barulho e a solicitarem a presen\u00e7a das autoridades.<\/p>\n<p class=\"p_3\">Uma equipa de emerg\u00eancia pr\u00e9-hospitalar foi igualmente acionada, prestando os primeiros socorros no local antes de transportar a v\u00edtima para o hospital. Segundo fonte hospitalar, os ferimentos eram ligeiros e n\u00e3o obrigaram a internamento.<\/p>\n","protected":false},"excerpt":{"rendered":"A Pol\u00edcia de Seguran\u00e7a P\u00fablica (PSP) foi chamada, ontem, a uma resid\u00eancia situada na Rua da Venezuela, no&hellip;\n","protected":false},"author":2,"featured_media":58741,"comment_status":"","ping_status":"","sticky":false,"template":"","format":"standard","meta":{"footnotes":"","_share_on_mastodon":"0"},"categories":[50],"tags":[27,28,566,15,16,14,25,26,21,22,62,12,13,19,20,23,24,17,18,29,30,31,63,64,65],"class_list":["post-58740","post","type-post","status-publish","format-standard","has-post-thumbnail","category-mundo","tag-breaking-news","tag-breakingnews","tag-briga","tag-featured-news","tag-featurednews","tag-headlines","tag-latest-news","tag-latestnews","tag-main-news","tag-mainnews","tag-mundo","tag-news","tag-noticias","tag-noticias-principais","tag-noticiasprincipais","tag-principais-noticias","tag-principaisnoticias","tag-top-stories","tag-topstories","tag-ultimas","tag-ultimas-noticias","tag-ultimasnoticias","tag-world","tag-world-news","tag-worldnews"],"share_on_mastodon":{"url":"","error":""},"_links":{"self":[{"href":"https:\/\/www.europesays.com\/pt\/wp-json\/wp\/v2\/posts\/58740","targetHints":{"allow":["GET"]}}],"collection":[{"href":"https:\/\/www.europesays.com\/pt\/wp-json\/wp\/v2\/posts"}],"about":[{"href":"https:\/\/www.europesays.com\/pt\/wp-json\/wp\/v2\/types\/post"}],"author":[{"embeddable":true,"href":"https:\/\/www.europesays.com\/pt\/wp-json\/wp\/v2\/users\/2"}],"replies":[{"embeddable":true,"href":"https:\/\/www.europesays.com\/pt\/wp-json\/wp\/v2\/comments?post=58740"}],"version-history":[{"count":0,"href":"https:\/\/www.europesays.com\/pt\/wp-json\/wp\/v2\/posts\/58740\/revisions"}],"wp:featuredmedia":[{"embeddable":true,"href":"https:\/\/www.europesays.com\/pt\/wp-json\/wp\/v2\/media\/58741"}],"wp:attachment":[{"href":"https:\/\/www.europesays.com\/pt\/wp-json\/wp\/v2\/media?parent=58740"}],"wp:term":[{"taxonomy":"category","embeddable":true,"href":"https:\/\/www.europesays.com\/pt\/wp-json\/wp\/v2\/categories?post=58740"},{"taxonomy":"post_tag","embeddable":true,"href":"https:\/\/www.europesays.com\/pt\/wp-json\/wp\/v2\/tags?post=58740"}],"curies":[{"name":"wp","href":"https:\/\/api.w.org\/{rel}","templated":true}]}}