{"id":58949,"date":"2025-09-04T19:59:19","date_gmt":"2025-09-04T19:59:19","guid":{"rendered":"https:\/\/www.europesays.com\/pt\/58949\/"},"modified":"2025-09-04T19:59:19","modified_gmt":"2025-09-04T19:59:19","slug":"os-tenis-tendencia-deste-outono-sao-adidas-e-estao-em-promocao","status":"publish","type":"post","link":"https:\/\/www.europesays.com\/pt\/58949\/","title":{"rendered":"Os t\u00e9nis tend\u00eancia deste outono s\u00e3o Adidas e est\u00e3o em promo\u00e7\u00e3o"},"content":{"rendered":"<p>Estamos prestes a entrar no outono de 2025 e j\u00e1 estamos de olho nas novas tend\u00eancias, em particular de cal\u00e7ado. <a href=\"https:\/\/versa.iol.pt\/zara\/botas\/a-zara-nao-tem-limites-no-que-toca-as-novas-botas\/20250823\/68a48507d34ef72ee44996c4\" rel=\"nofollow noopener\" target=\"_blank\">Muito para al\u00e9m das botas<\/a>, vamos querer usar t\u00e9nis nos dias que pedem conforto e nada como seguir as tend\u00eancias para saber o que usar.\u00a0<\/p>\n<p>Bastou olhar alguns segundos para as novidades do desfile de outono\/inverno 2025-2026 de\u00a0Stella McCartney para perceber que, em mat\u00e9ria de cal\u00e7ado, vamos ver muitos t\u00e9nis de camur\u00e7a na pr\u00f3xima esta\u00e7\u00e3o. E n\u00e3o v\u00eam s\u00f3s. Apesar de cores vivas n\u00e3o serem negadas, o que mais se v\u00ea por ai \u00e9 camur\u00e7a em tons neutros ou escuros, como o <a href=\"https:\/\/versa.iol.pt\/moda\/pantone\/e-a-cor-do-ano-para-2025-e-amiga-da-tendencia-quiet-luxury\/20241205\/6751b9ebd34ea1acf271768e\" rel=\"nofollow noopener\" target=\"_blank\">Mocha Mousse eleito pela Pantone<\/a>.\u00a0<\/p>\n<p>  <img loading=\"lazy\" decoding=\"async\" alt=\"\" height=\"600\" src=\"https:\/\/www.europesays.com\/pt\/wp-content\/uploads\/2025\/09\/68b6a57bd34e3f0baea23e47.webp\" width=\"400\"\/> <\/p>\n<p>    Stella McCartney outono\/inverno 2025-2026 Semana de Moda de Paris\u00a0 <\/p>\n<p>Nem a prop\u00f3sito, um dos t\u00e9nis que t\u00eam este tom s\u00e3o uns Samba da Adidas, que, por mais uma temporada, mant\u00eam o protagonismo. S\u00e3o inspirados nos arquivos da marca e t\u00eam um upper de camur\u00e7a suave com o revestimento T-toe caracter\u00edstico para durabilidade.<\/p>\n<p>A melhor parte \u00e9 que encontr\u00e1mos estes <a href=\"https:\/\/www.jdsports.pt\/product\/castanho-adidas-originals-samba-og-womens\/754280_jdsportspt\/\" target=\"_blank\" rel=\"nofollow noopener\">t\u00e9nis em\u00a0promo\u00e7\u00e3o na JD Sports<\/a>, loja em que est\u00e3o com 37% de desconto, passando assim dos \u20ac120 para os \u20ac75.\u00a0<\/p>\n<p>\u00c9 uma oportunidade de tempo limitado, por isso se queres os t\u00e9nis das imagens acima, n\u00e3o deves demorar muito. Se os perderes, tens outras op\u00e7\u00f5es na galeria de imagens.\u00a0<\/p>\n","protected":false},"excerpt":{"rendered":"Estamos prestes a entrar no outono de 2025 e j\u00e1 estamos de olho nas novas tend\u00eancias, em particular&hellip;\n","protected":false},"author":2,"featured_media":58950,"comment_status":"","ping_status":"","sticky":false,"template":"","format":"standard","meta":{"footnotes":""},"categories":[85],"tags":[5781,1081,16621,204,114,115,754,186,1079,32,33,5543,1083,2349,1078,1080],"class_list":{"0":"post-58949","1":"post","2":"type-post","3":"status-publish","4":"format-standard","5":"has-post-thumbnail","7":"category-entretenimento","8":"tag-adidas","9":"tag-beleza","10":"tag-camurca","11":"tag-design","12":"tag-entertainment","13":"tag-entretenimento","14":"tag-gastronomia","15":"tag-lifestyle","16":"tag-moda","17":"tag-portugal","18":"tag-pt","19":"tag-samba","20":"tag-tendencia","21":"tag-tenis","22":"tag-versa","23":"tag-viagens"},"share_on_mastodon":{"url":"","error":""},"_links":{"self":[{"href":"https:\/\/www.europesays.com\/pt\/wp-json\/wp\/v2\/posts\/58949","targetHints":{"allow":["GET"]}}],"collection":[{"href":"https:\/\/www.europesays.com\/pt\/wp-json\/wp\/v2\/posts"}],"about":[{"href":"https:\/\/www.europesays.com\/pt\/wp-json\/wp\/v2\/types\/post"}],"author":[{"embeddable":true,"href":"https:\/\/www.europesays.com\/pt\/wp-json\/wp\/v2\/users\/2"}],"replies":[{"embeddable":true,"href":"https:\/\/www.europesays.com\/pt\/wp-json\/wp\/v2\/comments?post=58949"}],"version-history":[{"count":0,"href":"https:\/\/www.europesays.com\/pt\/wp-json\/wp\/v2\/posts\/58949\/revisions"}],"wp:featuredmedia":[{"embeddable":true,"href":"https:\/\/www.europesays.com\/pt\/wp-json\/wp\/v2\/media\/58950"}],"wp:attachment":[{"href":"https:\/\/www.europesays.com\/pt\/wp-json\/wp\/v2\/media?parent=58949"}],"wp:term":[{"taxonomy":"category","embeddable":true,"href":"https:\/\/www.europesays.com\/pt\/wp-json\/wp\/v2\/categories?post=58949"},{"taxonomy":"post_tag","embeddable":true,"href":"https:\/\/www.europesays.com\/pt\/wp-json\/wp\/v2\/tags?post=58949"}],"curies":[{"name":"wp","href":"https:\/\/api.w.org\/{rel}","templated":true}]}}