{"id":58988,"date":"2025-09-04T20:44:05","date_gmt":"2025-09-04T20:44:05","guid":{"rendered":"https:\/\/www.europesays.com\/pt\/58988\/"},"modified":"2025-09-04T20:44:05","modified_gmt":"2025-09-04T20:44:05","slug":"renomado-tenista-faz-homenagem-a-filha-com-danca-de-guerreiras-do-k-pop-veja","status":"publish","type":"post","link":"https:\/\/www.europesays.com\/pt\/58988\/","title":{"rendered":"Renomado tenista faz homenagem \u00e0 filha com dan\u00e7a de &#8216;Guerreiras do K-Pop&#8217;; veja!"},"content":{"rendered":"<p>\u2018<a href=\"https:\/\/recreio.com.br\/tags\/guerreiras-do-k-pop\" target=\"_blank\" rel=\"noopener nofollow\">Guerreiras do K-Pop<\/a>\u2018 conquistou o mundo desde o lan\u00e7amento! \u00c9 ineg\u00e1vel o sucesso da trilha sonora do longa-metragem animado da Netflix, ao que as faixas alcan\u00e7aram o topo das paradas ao redor do globo, se tornando tend\u00eancia instant\u00e2nea nas redes sociais, especialmente no TikTok.\u00a0<\/p>\n<p>Diversas personalidades da ind\u00fastria do entretenimento, dentro e fora do k-pop, compartilharam v\u00eddeos recriando as coreografias dos grupos fict\u00edcios da trama, HUNTR\/X e Saja Boys \u2014 e n\u00e3o foi diferente com esportistas. Na \u00faltima quarta-feira, 03, <strong>Novak Djokovic,\u00a0<\/strong>tenista s\u00e9rvio oito vezes considerado o melhor no esporte ao terminar a temporada no topo do ranking da <a href=\"https:\/\/pt.wikipedia.org\/wiki\/Associa%C3%A7%C3%A3o_de_Tenistas_Profissionais\" target=\"_blank\" rel=\"noopener nofollow\">ATP<\/a>, ap\u00f3s vencer a partida das quartas de finais do US Open, um dos torneios mais importantes do ano, homenageou a filha comemorando com a dan\u00e7a de \u2018Soda Pop\u2019, hit do filme.\u00a0<\/p>\n<blockquote class=\"twitter-tweet\">\n<p dir=\"ltr\" lang=\"en\">Novak Djokovic is dancing into the semifinals of the US Open. <a href=\"https:\/\/t.co\/SgyMP6y1kr\" rel=\"nofollow\">pic.twitter.com\/SgyMP6y1kr<\/a><\/p>\n<p>\u2014 US Open Tennis (@usopen) <a href=\"https:\/\/twitter.com\/usopen\/status\/1963084107946062193?ref_src=twsrc%5Etfw\" rel=\"nofollow noopener\" target=\"_blank\">September 3, 2025<\/a><\/p>\n<\/blockquote>\n<p>Em entrevista p\u00f3s-jogo, o atleta explicou que foi em comemora\u00e7\u00e3o ao anivers\u00e1rio da filha que completou 8 anos no dia.\u00a0<a href=\"https:\/\/www.instagram.com\/djokernole\/\" target=\"_blank\" rel=\"noopener nofollow\"><strong>Djokovic<\/strong><\/a> tamb\u00e9m revelou que os dois praticam as coreografias de \u2018Guerreiras do K-Pop\u2019 em casa, finalizando dizendo que a homenagem foi para faz\u00ea-la sorrir.\u00a0<\/p>\n<blockquote>\n<p>\u201cNa verdade, a dan\u00e7a no final foi uh \u2026 Eu provavelmente\u2026 Ela vai me avaliar amanh\u00e3 porque me ensinou a dan\u00e7ar. \u00c9 de \u2018Guerreiras do K-Pop\u2019\u2026 \u2018Soda Pop\u2019 \u00e9 o nome da m\u00fasica. Obviamente, \u00e9 uma grande coisa globalmente, para adolescentes e crian\u00e7as, mas eu n\u00e3o sabia disso antes de minha filha me contar h\u00e1 alguns meses sobre isso, ent\u00e3o estamos em casa fazendo coreografias diferentes e esta \u00e9 uma delas, ent\u00e3o espero faz\u00ea-la sorrir quando ela acordar amanh\u00e3 de manh\u00e3\u201d, relatou.<\/p>\n<\/blockquote>\n<p>Vale lembrar que todas as m\u00fasicas presentes na <a href=\"https:\/\/recreio.com.br\/noticias\/entretenimento\/superando-round-6-guerreiras-do-k-pop-se-torna-a-producao-mais-assistida-da-netflix.phtml\" target=\"_blank\" rel=\"noopener nofollow\">anima\u00e7\u00e3o<\/a> est\u00e3o dispon\u00edveis nas plataformas digitais.<\/p>\n<p>\t Mais sobre \u2018Guerreiras do K-pop\u2019 <\/p>\n<p>Lan\u00e7ado em junho de 2025, \u2018Guerreiras do K-pop\u2019 \u00e9 uma anima\u00e7\u00e3o dirigida<strong> Maggie Kang<\/strong> e <strong>Chris Appelhans,\u00a0<\/strong>e estrelada pelas vozes de <strong>Arden Cho, Ahn Hyo Seop, May Hong, Jiyoung Yoo, Yunjin Kim, Daniel Dae Kim, Ken Jeong<\/strong> e <strong>Lee Byung Hun.<\/strong><\/p>\n<p>A trama conta a hist\u00f3ria de o grupo feminino de K-pop, Huntr\/x, que levam uma vida dupla como ca\u00e7adores de dem\u00f4nios, assim precisando enfrentar uma boy band rival chamada Saja Boys, cujos membros s\u00e3o secretamente dem\u00f4nios.<\/p>\n<p>\u2018Guerreiras do K-pop\u2019 est\u00e1 dispon\u00edvel no cat\u00e1logo da <a href=\"https:\/\/www.netflix.com\/br\/title\/81498621\" target=\"_blank\" rel=\"noopener nofollow\">Netflix.<\/a><\/p>\n<p>\t                                            <script async src=\"https:\/\/platform.twitter.com\/widgets.js\" charset=\"utf-8\"><\/script><script async src=\"\/\/www.instagram.com\/embed.js\"><\/script><\/p>\n","protected":false},"excerpt":{"rendered":"\u2018Guerreiras do K-Pop\u2018 conquistou o mundo desde o lan\u00e7amento! \u00c9 ineg\u00e1vel o sucesso da trilha sonora do longa-metragem&hellip;\n","protected":false},"author":2,"featured_media":58989,"comment_status":"","ping_status":"","sticky":false,"template":"","format":"standard","meta":{"footnotes":""},"categories":[141],"tags":[10195,16629,211,114,115,148,4550,149,150,716,32,33],"class_list":{"0":"post-58988","1":"post","2":"type-post","3":"status-publish","4":"format-standard","5":"has-post-thumbnail","7":"category-musica","8":"tag-animacoes","9":"tag-animcao","10":"tag-celebridades","11":"tag-entertainment","12":"tag-entretenimento","13":"tag-filmes","14":"tag-guerreiras-do-k-pop","15":"tag-music","16":"tag-musica","17":"tag-netflix","18":"tag-portugal","19":"tag-pt"},"share_on_mastodon":{"url":"","error":""},"_links":{"self":[{"href":"https:\/\/www.europesays.com\/pt\/wp-json\/wp\/v2\/posts\/58988","targetHints":{"allow":["GET"]}}],"collection":[{"href":"https:\/\/www.europesays.com\/pt\/wp-json\/wp\/v2\/posts"}],"about":[{"href":"https:\/\/www.europesays.com\/pt\/wp-json\/wp\/v2\/types\/post"}],"author":[{"embeddable":true,"href":"https:\/\/www.europesays.com\/pt\/wp-json\/wp\/v2\/users\/2"}],"replies":[{"embeddable":true,"href":"https:\/\/www.europesays.com\/pt\/wp-json\/wp\/v2\/comments?post=58988"}],"version-history":[{"count":0,"href":"https:\/\/www.europesays.com\/pt\/wp-json\/wp\/v2\/posts\/58988\/revisions"}],"wp:featuredmedia":[{"embeddable":true,"href":"https:\/\/www.europesays.com\/pt\/wp-json\/wp\/v2\/media\/58989"}],"wp:attachment":[{"href":"https:\/\/www.europesays.com\/pt\/wp-json\/wp\/v2\/media?parent=58988"}],"wp:term":[{"taxonomy":"category","embeddable":true,"href":"https:\/\/www.europesays.com\/pt\/wp-json\/wp\/v2\/categories?post=58988"},{"taxonomy":"post_tag","embeddable":true,"href":"https:\/\/www.europesays.com\/pt\/wp-json\/wp\/v2\/tags?post=58988"}],"curies":[{"name":"wp","href":"https:\/\/api.w.org\/{rel}","templated":true}]}}