{"id":59011,"date":"2025-09-04T21:06:07","date_gmt":"2025-09-04T21:06:07","guid":{"rendered":"https:\/\/www.europesays.com\/pt\/59011\/"},"modified":"2025-09-04T21:06:07","modified_gmt":"2025-09-04T21:06:07","slug":"partidos-cancelam-acoes-mas-pcp-mantem-avante-observador","status":"publish","type":"post","link":"https:\/\/www.europesays.com\/pt\/59011\/","title":{"rendered":"Partidos cancelam a\u00e7\u00f5es mas PCP mant\u00e9m Avante! \u2013 Observador"},"content":{"rendered":"<p>A maioria dos partidos com representa\u00e7\u00e3o parlamentar cancelou ou adiou as iniciativas previstas para os pr\u00f3ximos dias na sequ\u00eancia do acidente com o elevador da Gl\u00f3ria, tendo apenas o PCP mantido as suas a\u00e7\u00f5es na Festa do Avante!.<\/p>\n<p>Ap\u00f3s o descarrilamento do elevador da Gl\u00f3ria, em Lisboa, que provocou 16 mortos e duas dezenas de feridos, <strong>v\u00e1rios partidos come\u00e7aram a anunciar o cancelamento das iniciativas<\/strong> previstas para os pr\u00f3ximos dias.<\/p>\n<p>O PSD cancelou a realiza\u00e7\u00e3o da sua conven\u00e7\u00e3o aut\u00e1rquica, prevista para domingo, no Porto, e o CDS-PP desmarcou a sua \u2018rentr\u00e9e\u2019 pol\u00edtica, que iria decorrer em Vale de Cambra, distrito de Aveiro.<\/p>\n<p>O l\u00edder centrista, Nuno Melo, cancelou tamb\u00e9m a sua agenda partid\u00e1ria at\u00e9 segunda-feira.<\/p>\n<p>O Chega adiou uma manifesta\u00e7\u00e3o que tinha marcado para s\u00e1bado, \u201ccontra o trav\u00e3o \u00e0 lei dos estrangeiros\u201d, ap\u00f3s o veto do Tribunal Constitucional, bem como a apresenta\u00e7\u00e3o do candidato \u00e0 C\u00e2mara Municipal de Oeiras, que estava prevista para sexta-feira, com a presen\u00e7a do l\u00edder do partido.<\/p>\n<p>Tamb\u00e9m o PS adiou a sua conven\u00e7\u00e3o aut\u00e1rquica, que iria decorrer em Coimbra no s\u00e1bado. Al\u00e9m disso, o secret\u00e1rio-geral socialista, Jos\u00e9 Lu\u00eds Carneiro, cancelou igualmente toda a sua agenda prevista para sexta-feira, nomeadamente uma visita na P\u00f3voa de Varzim e a participa\u00e7\u00e3o na apresenta\u00e7\u00e3o de um candidato aut\u00e1rquico em Castelo Branco.<\/p>\n<p>O Livre adiou para a semana seguinte o seu congresso aut\u00e1rquico que estava agendado para o fim de semana, no Porto, e que iria assinalar a \u2018rentr\u00e9e\u2019 pol\u00edtica do partido.<\/p>\n<p>Na quinta-feira, pouco depois do acidente, o Presidente da Rep\u00fablica anunciou o cancelamento da Festa do Livro no Pal\u00e1cio de Bel\u00e9m, que iria decorrer entre quinta-feira e domingo.<\/p>\n<p>O candidato presidencial Lu\u00eds Marques Mendes tamb\u00e9m anunciou o cancelamento de todas as iniciativas de campanha que estavam previstas para os pr\u00f3ximos dias.<\/p>\n<p>O <strong>PCP vai manter a Festa do Avante!<\/strong>, a rentr\u00e9e pol\u00edtica do partido, que decorre entre sexta-feira e domingo no Seixal, com a presen\u00e7a do secret\u00e1rio-geral comunista.<\/p>\n<p>Fonte oficial dos comunistas disse \u00e0 Lusa que durante o evento Paulo Raimundo vai manifestar \u201csolidariedade para com as v\u00edtimas e a exig\u00eancia do apoio devido, o reconhecimento dos profissionais que intervieram no socorro, bem como do c\u00e9lere apuramento das causas a ele associado e das ila\u00e7\u00f5es que da\u00ed decorram\u201d.<\/p>\n<p>Para sexta-feira, mant\u00eam-se no parlamento as reuni\u00f5es entre o Governo e os partidos, desta vez com PS e PCP, para abordar, entre outros temas, o Or\u00e7amento do Estado para o pr\u00f3ximo ano.<\/p>\n<p>O elevador da Gl\u00f3ria, em Lisboa, descarrilou na quarta-feira, causando 16 mortos e duas dezenas de feridos, entre portugueses e estrangeiros de v\u00e1rias nacionalidades.<\/p>\n<p>O Governo decretou um dia de luto nacional, que se cumpre esta quinta-feira. J\u00e1 a C\u00e2mara de Lisboa decretou tr\u00eas dias de luto municipal, entre esta quinta-feira e s\u00e1bado.<\/p>\n","protected":false},"excerpt":{"rendered":"A maioria dos partidos com representa\u00e7\u00e3o parlamentar cancelou ou adiou as iniciativas previstas para os pr\u00f3ximos dias na&hellip;\n","protected":false},"author":2,"featured_media":59012,"comment_status":"","ping_status":"","sticky":false,"template":"","format":"standard","meta":{"footnotes":""},"categories":[10],"tags":[27,28,15,16,14,25,26,797,21,22,12,13,19,20,57,32,23,24,33,58,17,18,29,30,31],"class_list":{"0":"post-59011","1":"post","2":"type-post","3":"status-publish","4":"format-standard","5":"has-post-thumbnail","7":"category-portugal","8":"tag-breaking-news","9":"tag-breakingnews","10":"tag-featured-news","11":"tag-featurednews","12":"tag-headlines","13":"tag-latest-news","14":"tag-latestnews","15":"tag-lisboa","16":"tag-main-news","17":"tag-mainnews","18":"tag-news","19":"tag-noticias","20":"tag-noticias-principais","21":"tag-noticiasprincipais","22":"tag-pau00eds","23":"tag-portugal","24":"tag-principais-noticias","25":"tag-principaisnoticias","26":"tag-pt","27":"tag-sociedade","28":"tag-top-stories","29":"tag-topstories","30":"tag-ultimas","31":"tag-ultimas-noticias","32":"tag-ultimasnoticias"},"share_on_mastodon":{"url":"","error":""},"_links":{"self":[{"href":"https:\/\/www.europesays.com\/pt\/wp-json\/wp\/v2\/posts\/59011","targetHints":{"allow":["GET"]}}],"collection":[{"href":"https:\/\/www.europesays.com\/pt\/wp-json\/wp\/v2\/posts"}],"about":[{"href":"https:\/\/www.europesays.com\/pt\/wp-json\/wp\/v2\/types\/post"}],"author":[{"embeddable":true,"href":"https:\/\/www.europesays.com\/pt\/wp-json\/wp\/v2\/users\/2"}],"replies":[{"embeddable":true,"href":"https:\/\/www.europesays.com\/pt\/wp-json\/wp\/v2\/comments?post=59011"}],"version-history":[{"count":0,"href":"https:\/\/www.europesays.com\/pt\/wp-json\/wp\/v2\/posts\/59011\/revisions"}],"wp:featuredmedia":[{"embeddable":true,"href":"https:\/\/www.europesays.com\/pt\/wp-json\/wp\/v2\/media\/59012"}],"wp:attachment":[{"href":"https:\/\/www.europesays.com\/pt\/wp-json\/wp\/v2\/media?parent=59011"}],"wp:term":[{"taxonomy":"category","embeddable":true,"href":"https:\/\/www.europesays.com\/pt\/wp-json\/wp\/v2\/categories?post=59011"},{"taxonomy":"post_tag","embeddable":true,"href":"https:\/\/www.europesays.com\/pt\/wp-json\/wp\/v2\/tags?post=59011"}],"curies":[{"name":"wp","href":"https:\/\/api.w.org\/{rel}","templated":true}]}}