{"id":59026,"date":"2025-09-04T21:19:18","date_gmt":"2025-09-04T21:19:18","guid":{"rendered":"https:\/\/www.europesays.com\/pt\/59026\/"},"modified":"2025-09-04T21:19:18","modified_gmt":"2025-09-04T21:19:18","slug":"trump-descontente-com-compras-de-petroleo-russo-pela-ue","status":"publish","type":"post","link":"https:\/\/www.europesays.com\/pt\/59026\/","title":{"rendered":"Trump descontente com compras de petr\u00f3leo russo pela UE"},"content":{"rendered":"<p>Donald Trump &#8220;est\u00e1 muito descontente por o petr\u00f3leo russo estar a ser comprado pela Europa&#8221;, disse Volodymyr Zelensky, citando a Eslov\u00e1quia e a Hungria, durante uma confer\u00eancia de imprensa conjunta com o Presidente franc\u00eas, Emmanuel Macron, no Pal\u00e1cio do Eliseu.<\/p>\n<p>Zelensky referia-se a uma conversa telef\u00f3nica entre Trump e os l\u00edderes europeus, reunidos presencialmente e por videoconfer\u00eancia em Paris.<\/p>\n<p>Macron confirmou tamb\u00e9m que &#8220;Trump e o governo norte-americano ficaram incomodados (&#8230;) com as escolhas feitas por dois pa\u00edses-membros da UE que continuam a comprar petr\u00f3leo russo&#8221;.<\/p>\n<p>O l\u00edder franc\u00eas saudou a posi\u00e7\u00e3o de Washington, afirmando que &#8220;o alinhamento Estados Unidos-Europa ser\u00e1 ainda mais eficaz para p\u00f4r fim a estas pr\u00e1ticas&#8221;, numa refer\u00eancia a Bratislava e a Budapeste.<\/p>\n<p>&#8220;Estes s\u00e3o os dois pa\u00edses que se queixaram ao Presidente Trump&#8221; ap\u00f3s os ataques ucranianos \u00e0 infraestrutura energ\u00e9tica russa, acrescentou Zelensky.<\/p>\n<p>Recentemente, estes ataques ucranianos, realizados em resposta aos bombardeamentos russos ao sistema energ\u00e9tico ucraniano, interromperam o oleoduto Druzhba, que liga a R\u00fassia \u00e0 Europa Central e Oriental.<\/p>\n<p>Em 2022, ap\u00f3s a R\u00fassia ter iniciado a invas\u00e3o da Ucr\u00e2nia, a UE proibiu a maior parte das importa\u00e7\u00f5es de petr\u00f3leo russo. No entanto, o oleoduto de Druzhba foi isento.<\/p>\n<p>Zelensky vai reunir-se na sexta-feira, no oeste da Ucr\u00e2nia, com o primeiro-ministro eslovaco, Robert Fico, que se encontrou recentemente com o Presidente russo, Vladimir Putin, na China.<\/p>\n<p>Nomeado em outubro de 2023 como chefe do governo eslovaco, Robert Fico deu ao pa\u00eds uma orienta\u00e7\u00e3o pr\u00f3-R\u00fassia, seguindo os passos da vizinha Hungria, e visitou a R\u00fassia.<\/p>\n<p>Fico nunca visitou Kiev desde o in\u00edcio da invas\u00e3o russa da Ucr\u00e2nia e interrompeu toda a ajuda militar ao pa\u00eds.<\/p>\n<p>Ataca regularmente Volodymyr Zelensky, chamando-lhe &#8220;um comediante que mente tanto quanto respira&#8221; e que &#8220;precisa desta guerra para manter o emprego&#8221;.<\/p>\n<p>A R\u00fassia invadiu a Ucr\u00e2nia a 24 de fevereiro de 2022, com o argumento de proteger as minorias separatistas pr\u00f3-russas no leste e &#8220;desnazificar&#8221; o pa\u00eds vizinho, independente desde 1991, na sequ\u00eancia da desagrega\u00e7\u00e3o da antiga Uni\u00e3o Sovi\u00e9tica.<\/p>\n<p>Leia Tamb\u00e9m: <a href=\"https:\/\/www.noticiasaominuto.com\/mundo\/2848425\/zelensky-sauda-compromisso-de-seguranca-dado-por-26-paises\" target=\"_blank\" rel=\"noopener noreferrer nofollow\">Zelensky sa\u00fada compromisso de seguran\u00e7a dado por 26 pa\u00edses<\/a><\/p>\n","protected":false},"excerpt":{"rendered":"Donald Trump &#8220;est\u00e1 muito descontente por o petr\u00f3leo russo estar a ser comprado pela Europa&#8221;, disse Volodymyr Zelensky,&hellip;\n","protected":false},"author":2,"featured_media":59027,"comment_status":"","ping_status":"","sticky":false,"template":"","format":"standard","meta":{"footnotes":""},"categories":[50],"tags":[27,28,15,16,14,25,26,21,22,62,12,13,19,20,23,24,17,18,29,30,31,63,64,65],"class_list":{"0":"post-59026","1":"post","2":"type-post","3":"status-publish","4":"format-standard","5":"has-post-thumbnail","7":"category-mundo","8":"tag-breaking-news","9":"tag-breakingnews","10":"tag-featured-news","11":"tag-featurednews","12":"tag-headlines","13":"tag-latest-news","14":"tag-latestnews","15":"tag-main-news","16":"tag-mainnews","17":"tag-mundo","18":"tag-news","19":"tag-noticias","20":"tag-noticias-principais","21":"tag-noticiasprincipais","22":"tag-principais-noticias","23":"tag-principaisnoticias","24":"tag-top-stories","25":"tag-topstories","26":"tag-ultimas","27":"tag-ultimas-noticias","28":"tag-ultimasnoticias","29":"tag-world","30":"tag-world-news","31":"tag-worldnews"},"share_on_mastodon":{"url":"","error":""},"_links":{"self":[{"href":"https:\/\/www.europesays.com\/pt\/wp-json\/wp\/v2\/posts\/59026","targetHints":{"allow":["GET"]}}],"collection":[{"href":"https:\/\/www.europesays.com\/pt\/wp-json\/wp\/v2\/posts"}],"about":[{"href":"https:\/\/www.europesays.com\/pt\/wp-json\/wp\/v2\/types\/post"}],"author":[{"embeddable":true,"href":"https:\/\/www.europesays.com\/pt\/wp-json\/wp\/v2\/users\/2"}],"replies":[{"embeddable":true,"href":"https:\/\/www.europesays.com\/pt\/wp-json\/wp\/v2\/comments?post=59026"}],"version-history":[{"count":0,"href":"https:\/\/www.europesays.com\/pt\/wp-json\/wp\/v2\/posts\/59026\/revisions"}],"wp:featuredmedia":[{"embeddable":true,"href":"https:\/\/www.europesays.com\/pt\/wp-json\/wp\/v2\/media\/59027"}],"wp:attachment":[{"href":"https:\/\/www.europesays.com\/pt\/wp-json\/wp\/v2\/media?parent=59026"}],"wp:term":[{"taxonomy":"category","embeddable":true,"href":"https:\/\/www.europesays.com\/pt\/wp-json\/wp\/v2\/categories?post=59026"},{"taxonomy":"post_tag","embeddable":true,"href":"https:\/\/www.europesays.com\/pt\/wp-json\/wp\/v2\/tags?post=59026"}],"curies":[{"name":"wp","href":"https:\/\/api.w.org\/{rel}","templated":true}]}}