{"id":59044,"date":"2025-09-04T21:35:08","date_gmt":"2025-09-04T21:35:08","guid":{"rendered":"https:\/\/www.europesays.com\/pt\/59044\/"},"modified":"2025-09-04T21:35:08","modified_gmt":"2025-09-04T21:35:08","slug":"sudakov-revela-historia-da-camisola-10-do-benfica","status":"publish","type":"post","link":"https:\/\/www.europesays.com\/pt\/59044\/","title":{"rendered":"Sudakov revela hist\u00f3ria da camisola 10 do Benfica"},"content":{"rendered":"<p><a class=\"autolink-enabled\" data-resource-id=\"228169\" data-resource-type=\"player\" data-sport=\"football\" href=\"https:\/\/www.abola.pt\/futebol\/jogador\/heorhii-sudakov-228169\" rel=\"nofollow noopener\" target=\"_blank\">Heorhii Sudakov<\/a>, m\u00e9dio-ofensivo ucraniano do <a class=\"autolink-enabled\" data-resource-id=\"450\" data-resource-type=\"team\" data-sport=\"football\" href=\"https:\/\/www.abola.pt\/futebol\/benfica-450\" rel=\"nofollow noopener\" target=\"_blank\">Benfica<\/a>, ficou com o n\u00famero 10, que esteve nas costas do Rui Costa quando o presidente dos encarnados brilhava nos relvados, e mostrou muito orgulho. <\/p>\n<p>Em entrevista concedida \u00e0 federa\u00e7\u00e3o ucraniana de futebol, revelou a forma como o n\u00famero acabou nas suas costas.<\/p>\n<p>\u00abFoi uma ideia do clube, eu n\u00e3o sabia de nada. Vi que o n\u00famero 10 estava dispon\u00edvel e recebi mensagens a dizer que eu era o novo n\u00famero dez, mas n\u00e3o acreditei nisso at\u00e9 ao \u00faltimo momento. Mas, ap\u00f3s assinar o contrato, o diretor desportivo disse que ele e o presidente tinham uma surpresa para mim. Rui Costa jogou com esse n\u00famero e n\u00e3o est\u00e1 disposto a d\u00e1-lo a qualquer um. Para mim, \u00e9 claro, \u00e9 uma grande honra. Estou muito feliz\u00bb, explicou o refor\u00e7o dos encarnados.<\/p>\n<p><a class=\"autolink-enabled\" data-resource-id=\"228169\" data-resource-type=\"player\" data-sport=\"football\" href=\"https:\/\/www.abola.pt\/futebol\/jogador\/heorhii-sudakov-228169\" rel=\"nofollow noopener\" target=\"_blank\">Sudakov<\/a>, refira-se ainda, foi tamb\u00e9m not\u00edcia no seu pa\u00eds por uma s\u00e9rie intitulada Go<a class=\"autolink-enabled\" data-resource-id=\"228169\" data-resource-type=\"player\" data-sport=\"football\" href=\"https:\/\/www.abola.pt\/futebol\/jogador\/heorhii-sudakov-228169\" rel=\"nofollow noopener\" target=\"_blank\">Sudakov<\/a> e que visa difunfir e apoiar o desporto ucraniano, muito prejudicado pela guerra. Nesta ocasi\u00e3o, o jogador mostra imagens na rede social Instagram trocando de modalidade com a atleta de triplo salto Maryna Bekh-Romanchuk, recentemente suspensa por doping.<\/p>\n","protected":false},"excerpt":{"rendered":"Heorhii Sudakov, m\u00e9dio-ofensivo ucraniano do Benfica, ficou com o n\u00famero 10, que esteve nas costas do Rui Costa&hellip;\n","protected":false},"author":2,"featured_media":59045,"comment_status":"","ping_status":"","sticky":false,"template":"","format":"standard","meta":{"footnotes":""},"categories":[8],"tags":[27,28,15,16,14,25,26,21,22,12,13,19,20,32,23,24,33,17,18,29,30,31],"class_list":{"0":"post-59044","1":"post","2":"type-post","3":"status-publish","4":"format-standard","5":"has-post-thumbnail","7":"category-principais-noticias","8":"tag-breaking-news","9":"tag-breakingnews","10":"tag-featured-news","11":"tag-featurednews","12":"tag-headlines","13":"tag-latest-news","14":"tag-latestnews","15":"tag-main-news","16":"tag-mainnews","17":"tag-news","18":"tag-noticias","19":"tag-noticias-principais","20":"tag-noticiasprincipais","21":"tag-portugal","22":"tag-principais-noticias","23":"tag-principaisnoticias","24":"tag-pt","25":"tag-top-stories","26":"tag-topstories","27":"tag-ultimas","28":"tag-ultimas-noticias","29":"tag-ultimasnoticias"},"share_on_mastodon":{"url":"","error":""},"_links":{"self":[{"href":"https:\/\/www.europesays.com\/pt\/wp-json\/wp\/v2\/posts\/59044","targetHints":{"allow":["GET"]}}],"collection":[{"href":"https:\/\/www.europesays.com\/pt\/wp-json\/wp\/v2\/posts"}],"about":[{"href":"https:\/\/www.europesays.com\/pt\/wp-json\/wp\/v2\/types\/post"}],"author":[{"embeddable":true,"href":"https:\/\/www.europesays.com\/pt\/wp-json\/wp\/v2\/users\/2"}],"replies":[{"embeddable":true,"href":"https:\/\/www.europesays.com\/pt\/wp-json\/wp\/v2\/comments?post=59044"}],"version-history":[{"count":0,"href":"https:\/\/www.europesays.com\/pt\/wp-json\/wp\/v2\/posts\/59044\/revisions"}],"wp:featuredmedia":[{"embeddable":true,"href":"https:\/\/www.europesays.com\/pt\/wp-json\/wp\/v2\/media\/59045"}],"wp:attachment":[{"href":"https:\/\/www.europesays.com\/pt\/wp-json\/wp\/v2\/media?parent=59044"}],"wp:term":[{"taxonomy":"category","embeddable":true,"href":"https:\/\/www.europesays.com\/pt\/wp-json\/wp\/v2\/categories?post=59044"},{"taxonomy":"post_tag","embeddable":true,"href":"https:\/\/www.europesays.com\/pt\/wp-json\/wp\/v2\/tags?post=59044"}],"curies":[{"name":"wp","href":"https:\/\/api.w.org\/{rel}","templated":true}]}}