{"id":59060,"date":"2025-09-04T21:54:12","date_gmt":"2025-09-04T21:54:12","guid":{"rendered":"https:\/\/www.europesays.com\/pt\/59060\/"},"modified":"2025-09-04T21:54:12","modified_gmt":"2025-09-04T21:54:12","slug":"mariah-carey-revela-real-inspiracao-para-o-album-here-for-it-all","status":"publish","type":"post","link":"https:\/\/www.europesays.com\/pt\/59060\/","title":{"rendered":"Mariah Carey revela real inspira\u00e7\u00e3o para o \u00e1lbum &#8220;Here For It All&#8221;"},"content":{"rendered":"<p>A cantora <strong>Mariah Carey<\/strong> <a href=\"https:\/\/portalpopline.com.br\/descubra-10-albuns-lancados-setembro\/\" target=\"_blank\" rel=\"noopener nofollow\">lan\u00e7ar\u00e1 seu 16\u00ba \u00e1lbum de est\u00fadio, <strong>\u201cHere For It All\u201d<\/strong>, no dia 26 de setembro<\/a>. O disco \u00e9 inspirado em um desejo que ficou pendente em seu passado: <strong>a festa de 16 anos,<\/strong> chamada de <strong>\u201cSweet 16\u201d<\/strong> nos Estados Unidos, que equivale ao baile de debutante dos 15 anos no Brasil.<\/p>\n<p><img loading=\"lazy\" decoding=\"async\" aria-describedby=\"caption-attachment-992316\" class=\"size-full wp-image-992316\" src=\"data:image\/svg+xml,%3Csvg%20xmlns=\" http:=\"\" alt=\"Mariah Carey revela real inspira\u00e7\u00e3o para o \u00e1lbum &quot;Here For It All&quot;\" width=\"888\" height=\"906\" data-lazy- data-lazy- data-lazy-src=\"https:\/\/www.europesays.com\/pt\/wp-content\/uploads\/2025\/07\/mariah-carey-capa-mc16-here-for-it-all.jpg\"\/><\/p>\n<p id=\"caption-attachment-992316\" class=\"wp-caption-text\">(Foto: Divulga\u00e7\u00e3o)<\/p>\n<p>Ela revelou a inspira\u00e7\u00e3o em uma entrevista para o talk show de <strong>Jennifer Hudson<\/strong>, gravado na quarta (3\/9). Segundo o site MariahCarey.com.br, que esteve presente na grava\u00e7\u00e3o,<strong> Mariah<\/strong> explicou que n\u00e3o chegou a ter sua festa de <strong>\u201cSweet 16\u201d<\/strong>, por conta da situa\u00e7\u00e3o conturbada que vivia na \u00e9poca, e que <strong>esse \u00e1lbum \u00e9 uma forma de ter essa celebra\u00e7\u00e3o,<\/strong> por ser o 16\u00ba de sua carreira.<\/p>\n<p><strong>Mariah Carey<\/strong> vem de uma fam\u00edlia desestruturada, marcada por dificuldades financeiras e problemas de sa\u00fade mental. Seus pais se separaram quando ela ainda era pequena e <strong>Mariah<\/strong> viveu v\u00e1rios traumas durante a conviv\u00eancia com a m\u00e3e. Segundo a diva pop, a rela\u00e7\u00e3o com a m\u00e3e era \u201cdolorosa e confusa\u201d e a hist\u00f3ria delas era de \u201ctrai\u00e7\u00e3o e beleza, amor e abandono, sacrif\u00edcio e sobreviv\u00eancia\u201d.<\/p>\n<p>Em seu livro de mem\u00f3rias, ela conta que foi \u201cemancipada v\u00e1rias vezes\u201d e que <a href=\"https:\/\/portalpopline.com.br\/mariah-carey-conta-que-quase-foi-vendida-a-cafetao-aos-12-anos\/\" target=\"_blank\" rel=\"noopener nofollow\">sua irm\u00e3 mais velha, <strong>Alison<\/strong>, a drogou e tentou vend\u00ea-la para um cafet\u00e3o,<\/a> quando <strong>Mariah<\/strong> tinha 12 anos. A irm\u00e3 chegou a process\u00e1-la por difama\u00e7\u00e3o ap\u00f3s a publica\u00e7\u00e3o da autobiografia.<\/p>\n<p><img loading=\"lazy\" decoding=\"async\" aria-describedby=\"caption-attachment-991152\" class=\"size-full wp-image-991152\" src=\"data:image\/svg+xml,%3Csvg%20xmlns=\" http:=\"\" alt=\"Mariah Carey se prepara para fazer hist\u00f3ria e ter mais um grande momento na carreira\" width=\"1677\" height=\"1677\" data-lazy- data-lazy- data-lazy-src=\"https:\/\/www.europesays.com\/pt\/wp-content\/uploads\/2025\/09\/mariah-carey-2025.webp.webp\"\/><\/p>\n<p id=\"caption-attachment-991152\" class=\"wp-caption-text\">(Foto: Divulga\u00e7\u00e3o)<\/p>\n<p>\u00c1lbum de Mariah Carey trar\u00e1 participa\u00e7\u00f5es especiais<\/p>\n<p>Se \u00e9 festa, tem convidados! O \u00e1lbum novo da <strong>Mariah<\/strong> contar\u00e1 com participa\u00e7\u00f5es especiais. A cantora revelou os nomes ao divulgar a tracklist. Confira:<\/p>\n<p>1. Mi<br \/>2. Play That Song (feat. <strong>Anderson .Paak<\/strong>)<br \/>3. Type Dangerous<br \/>4. Sugar Sweet (feat. <strong>Kehlani<\/strong> e <strong>Shenseea<\/strong>)<br \/>5. In Your Feelings<br \/>6. Nothing Is Impossible<br \/>7. Confetti &amp; Champagne<br \/>8. I Won\u2019t Allow It<br \/>9. My Love<br \/>10. Jesus I Do (feat.<strong> The Clark Sisters<\/strong>)<br \/>11. Here For It All<\/p>\n<p>Al\u00e9m disso, ela lan\u00e7ou um EP de remixes para o single \u201cType Dangerous\u201d, cheio de parcerias.\u00a0<a href=\"https:\/\/portalpopline.com.br\/luisa-sonza-mariah-carey-postam-video-juntas\/\" target=\"_blank\" rel=\"noopener nofollow\">Uma das vers\u00f5es conta com participa\u00e7\u00e3o da brasileira <strong>Lu\u00edsa Sonza<\/strong><\/a>.<\/p>\n","protected":false},"excerpt":{"rendered":"A cantora Mariah Carey lan\u00e7ar\u00e1 seu 16\u00ba \u00e1lbum de est\u00fadio, \u201cHere For It All\u201d, no dia 26 de&hellip;\n","protected":false},"author":2,"featured_media":59061,"comment_status":"","ping_status":"","sticky":false,"template":"","format":"standard","meta":{"footnotes":""},"categories":[141],"tags":[1721,8710,114,115,16638,1723,13723,272,149,150,274,571,32,33,16639],"class_list":{"0":"post-59060","1":"post","2":"type-post","3":"status-publish","4":"format-standard","5":"has-post-thumbnail","7":"category-musica","8":"tag-album","9":"tag-album-novo","10":"tag-entertainment","11":"tag-entretenimento","12":"tag-festa-de-16-anos","13":"tag-here-for-it-all","14":"tag-inspiracao","15":"tag-mariah-carey","16":"tag-music","17":"tag-musica","18":"tag-musica-pop","19":"tag-plantao","20":"tag-portugal","21":"tag-pt","22":"tag-sweet-16"},"share_on_mastodon":{"url":"","error":""},"_links":{"self":[{"href":"https:\/\/www.europesays.com\/pt\/wp-json\/wp\/v2\/posts\/59060","targetHints":{"allow":["GET"]}}],"collection":[{"href":"https:\/\/www.europesays.com\/pt\/wp-json\/wp\/v2\/posts"}],"about":[{"href":"https:\/\/www.europesays.com\/pt\/wp-json\/wp\/v2\/types\/post"}],"author":[{"embeddable":true,"href":"https:\/\/www.europesays.com\/pt\/wp-json\/wp\/v2\/users\/2"}],"replies":[{"embeddable":true,"href":"https:\/\/www.europesays.com\/pt\/wp-json\/wp\/v2\/comments?post=59060"}],"version-history":[{"count":0,"href":"https:\/\/www.europesays.com\/pt\/wp-json\/wp\/v2\/posts\/59060\/revisions"}],"wp:featuredmedia":[{"embeddable":true,"href":"https:\/\/www.europesays.com\/pt\/wp-json\/wp\/v2\/media\/59061"}],"wp:attachment":[{"href":"https:\/\/www.europesays.com\/pt\/wp-json\/wp\/v2\/media?parent=59060"}],"wp:term":[{"taxonomy":"category","embeddable":true,"href":"https:\/\/www.europesays.com\/pt\/wp-json\/wp\/v2\/categories?post=59060"},{"taxonomy":"post_tag","embeddable":true,"href":"https:\/\/www.europesays.com\/pt\/wp-json\/wp\/v2\/tags?post=59060"}],"curies":[{"name":"wp","href":"https:\/\/api.w.org\/{rel}","templated":true}]}}