{"id":59066,"date":"2025-09-04T21:58:12","date_gmt":"2025-09-04T21:58:12","guid":{"rendered":"https:\/\/www.europesays.com\/pt\/59066\/"},"modified":"2025-09-04T21:58:12","modified_gmt":"2025-09-04T21:58:12","slug":"ricardinho-o-magico-do-salao-jornal-sol","status":"publish","type":"post","link":"https:\/\/www.europesays.com\/pt\/59066\/","title":{"rendered":"Ricardinho. O m\u00e1gico do sal\u00e3o &#8211; Jornal SOL"},"content":{"rendered":"<ol>\n<li><a href=\"https:\/\/news.google.com\/rss\/articles\/CBMibEFVX3lxTFBBZnc4MDJPVXM5dzNHXzNTRldhazFTejJsSHNZdlRRU1JORWx2U2Q0bjZ2Tk43eWpWd0phRzEtd1k4Y0JTaGFHZkJNTDJhTEZiVU9sRWx4UE1pOU9DNVFmR180UzdVTEJqNHNfTQ?oc=5\" target=\"_blank\" rel=\"nofollow noopener\">Ricardinho. O m\u00e1gico do sal\u00e3o<\/a>&nbsp;&nbsp;Jornal SOL<\/li>\n<li><a href=\"https:\/\/news.google.com\/rss\/articles\/CBMiugFBVV95cUxQcFFpQ2RkbDdzaWluMkY5azV4QjFHdjVxSUIyNDMxdVFKeHdfWjdoN0tkcEgtZGV2QVVYRTFQVkhLYjVTMmJTSkc1M2Nrdk9RSmpTaDRwVldrOGo1c0UxN2JENXRjYkxDck9aWm42TE9LOE1FYTBBVE5lQU5EbExJQ0pEUFktakNzdjExOUd2eHk2QU5mQlNwSlZMb1RYaU4xRm1ZTGFMc0FPbC1KZklXcGVqbjVWNUFXeHc?oc=5\" target=\"_blank\" rel=\"nofollow noopener\">Atento ao Big Brother, Pai de Ana Duarte desabafa: \u201cO jogo c\u00e1 fora \u00e9 muito pior do que dentro da casa\u201d<\/a>&nbsp;&nbsp;infocul.pt<\/li>\n<li><a href=\"https:\/\/news.google.com\/rss\/articles\/CBMirgFBVV95cUxPOW15Z0ZqaHFjX3VITlVrV1B3dTFmd3ZvSHNiVjF1b0NBQkZwc01YbF9KYWZyeWhIS1REanliZlJuaHFKZTZ4cnlzV0QxVUtFc2dmSVRtREZfOEFub2RvZjVxdnNFQmtXNjJ4QkZGSGpOUDZWaVN5dW5YUVhUWFlyOXB5bmxjZWRJS3lXSlNZdHkzMGNYWnJCN00yR1lXRnFUdnc4dG51OG1WajBjY0E?oc=5\" target=\"_blank\" rel=\"nofollow noopener\">Processo de Ricardinho? &#8220;Desde janeiro \u00e0 espera de ser notificada&#8221;<\/a>&nbsp;&nbsp;Not\u00edcias ao Minuto<\/li>\n<li><a href=\"https:\/\/news.google.com\/rss\/articles\/CBMi3gFBVV95cUxNWjVZOGlCMTRJNGdZYkJGQXczT1o1RWF0Ry1kZWR1NEFnQ1d1d2V2VC1MdmZEQm1yd0VQOXVCZ09ULWd0clhWLWN3NjNqNF9RaEpla1R2MWlCaG9JSG9BVnctWm5rTFpXT0FpQ2xmYWpJX3RaalRFbmI3NzRZODZCbExCYi1ya3lDQk83YzdTeFBNYXhmNV9IYXY3STRkM2h6bW9mRWdaSnpXUzczUUwxZk4wOUkzYlVsZmNBUHE2WFV0djlFZTB3akFBb01yMHRTWGRwdHk2eV94QXpSWnc?oc=5\" target=\"_blank\" rel=\"nofollow noopener\">Afinal, Ricardinho tamb\u00e9m lucra com o nome de Ana Duarte: ex-futsalista vangloria-se de aten\u00e7\u00e3o que tem tido<\/a>&nbsp;&nbsp;TV Guia.pt<\/li>\n<li><a href=\"https:\/\/news.google.com\/rss\/articles\/CBMi7AFBVV95cUxORWptenVZZnBrdWNUR2M4ZnppSGJCLUt4M3hjOW5jYnBJclVuS3hoQkQzeExTRUJLZnJZVl9aQUZhLWpKR1E5MTh1ZjM5TV9fVUZIaHoza29YeVhOTXN0NHBrNUMzMFZJcU00QjRPNWEwem9XUk5zSFpvaFIydVpMUDlSSlpiTTVjSjNuUThucWRTaEVxVHEzSi1nNG9ueHItS3FiTFV3VVNLSlJPOEJfQ3VTLVdHQ0hKdktHcF9kTmFmcVAzcXNCRzJ0RXlUYVdvQXhaNGYzRWJJRUhhbzhDSktHeW9TSGwtVmxSQg?oc=5\" target=\"_blank\" rel=\"nofollow noopener\">Envolvido num imenso esc\u00e2ndalo com Ana Duarte, Ricardinho recebe elogios inesperados: &#8220;Nunca agrediu ningu\u00e9m&#8221;<\/a>&nbsp;&nbsp;Flash.pt<\/li>\n<\/ol>\n","protected":false},"excerpt":{"rendered":"Ricardinho. O m\u00e1gico do sal\u00e3o&nbsp;&nbsp;Jornal SOL Atento ao Big Brother, Pai de Ana Duarte desabafa: \u201cO jogo c\u00e1&hellip;\n","protected":false},"author":2,"featured_media":59067,"comment_status":"","ping_status":"","sticky":false,"template":"","format":"standard","meta":{"footnotes":""},"categories":[85],"tags":[114,115,1831,32,33,3930],"class_list":{"0":"post-59066","1":"post","2":"type-post","3":"status-publish","4":"format-standard","5":"has-post-thumbnail","7":"category-entretenimento","8":"tag-entertainment","9":"tag-entretenimento","10":"tag-futsal","11":"tag-portugal","12":"tag-pt","13":"tag-ricardinho"},"share_on_mastodon":{"url":"","error":""},"_links":{"self":[{"href":"https:\/\/www.europesays.com\/pt\/wp-json\/wp\/v2\/posts\/59066","targetHints":{"allow":["GET"]}}],"collection":[{"href":"https:\/\/www.europesays.com\/pt\/wp-json\/wp\/v2\/posts"}],"about":[{"href":"https:\/\/www.europesays.com\/pt\/wp-json\/wp\/v2\/types\/post"}],"author":[{"embeddable":true,"href":"https:\/\/www.europesays.com\/pt\/wp-json\/wp\/v2\/users\/2"}],"replies":[{"embeddable":true,"href":"https:\/\/www.europesays.com\/pt\/wp-json\/wp\/v2\/comments?post=59066"}],"version-history":[{"count":0,"href":"https:\/\/www.europesays.com\/pt\/wp-json\/wp\/v2\/posts\/59066\/revisions"}],"wp:featuredmedia":[{"embeddable":true,"href":"https:\/\/www.europesays.com\/pt\/wp-json\/wp\/v2\/media\/59067"}],"wp:attachment":[{"href":"https:\/\/www.europesays.com\/pt\/wp-json\/wp\/v2\/media?parent=59066"}],"wp:term":[{"taxonomy":"category","embeddable":true,"href":"https:\/\/www.europesays.com\/pt\/wp-json\/wp\/v2\/categories?post=59066"},{"taxonomy":"post_tag","embeddable":true,"href":"https:\/\/www.europesays.com\/pt\/wp-json\/wp\/v2\/tags?post=59066"}],"curies":[{"name":"wp","href":"https:\/\/api.w.org\/{rel}","templated":true}]}}