{"id":59198,"date":"2025-09-05T00:24:15","date_gmt":"2025-09-05T00:24:15","guid":{"rendered":"https:\/\/www.europesays.com\/pt\/59198\/"},"modified":"2025-09-05T00:24:15","modified_gmt":"2025-09-05T00:24:15","slug":"mani-rego-anuncia-quadro-na-tv-e-no-youtube-em-2026-durante-o-salvador-solare","status":"publish","type":"post","link":"https:\/\/www.europesays.com\/pt\/59198\/","title":{"rendered":"Mani Rego anuncia quadro na TV e no YouTube em 2026 durante o Salvador Solare"},"content":{"rendered":"<p data-start=\"223\" data-end=\"651\">A influenciadora e empres\u00e1ria <strong data-start=\"253\" data-end=\"266\">Mani Rego<\/strong> anunciou, com exclusividade ao <strong>Al\u00f4 Al\u00f4 Bahia<\/strong>, que estreia em 2026 com o quadro <strong data-start=\"348\" data-end=\"369\">Empreenda\u00ea Mulher<\/strong>, que ser\u00e1 exibido na televis\u00e3o local e tamb\u00e9m no YouTube. A novidade foi revelada nesta quinta-feira (4), durante o <strong data-start=\"486\" data-end=\"505\">Salvador Solare<\/strong>, evento realizado pelo Salvador Shopping em parceria com o <strong>Al\u00f4 Al\u00f4 Bahia <\/strong>e curadoria do Projeto SSA (Almir Jr., Marcelo Gomes e Tininha Viana).<\/p>\n<p data-start=\"653\" data-end=\"840\">Com foco em inspirar e dar visibilidade a hist\u00f3rias de mulheres empreendedoras, o quadro marcar\u00e1 a estreia de Mani na TV. Ela ainda n\u00e3o revelou em qual emissora o conte\u00fado ser\u00e1 veiculado.<\/p>\n<p data-start=\"653\" data-end=\"840\">\u201cA gente vem com tudo a\u00ed! Aguarde, viu? Estamos com o projeto novo, o Empreenda\u00ea Mulher, nas telinhas. Quero todo mundo ligado a\u00ed, pra poder acompanhar. Ser\u00e1 na TV e no YouTube tamb\u00e9m. A gente at\u00e9 tentou fazer em outro formato, outra vez, mas infelizmente n\u00e3o conseguiu patroc\u00ednio. Mas eu acho que ano que vem t\u00e1 tudo se encaixando. Vai dar certo, em nome de Jesus!\u201d, contou Mani.<\/p>\n<blockquote class=\"instagram-media\" style=\"background: #FFF; border: 0; border-radius: 3px; box-shadow: 0 0 1px 0 rgba(0,0,0,0.5),0 1px 10px 0 rgba(0,0,0,0.15); margin: 1px; max-width: 540px; min-width: 326px; padding: 0; width: calc(100% - 2px);\" data-instgrm-captioned=\"\" data-instgrm-permalink=\"https:\/\/www.instagram.com\/reel\/DOMwrOejepp\/?utm_source=ig_embed&amp;utm_campaign=loading\" data-instgrm-version=\"14\">\n<\/blockquote>\n<p data-start=\"1228\" data-end=\"1389\">O <strong data-start=\"1230\" data-end=\"1249\">Salvador Solare<\/strong> tem patroc\u00ednio do <strong data-start=\"1268\" data-end=\"1293\">Grupo Andr\u00e9 Guimar\u00e3es<\/strong> e da <strong data-start=\"1299\" data-end=\"1319\">Nissan \u2013 Eurovia<\/strong>, com apoio da <strong data-start=\"1334\" data-end=\"1370\">Absolut, Beefeater, Ballantine\u2019s<\/strong> e <strong data-start=\"1373\" data-end=\"1388\">CVC Viagens<\/strong>.<\/p>\n<p>\t\t\t\t<script async src=\"\/\/www.instagram.com\/embed.js\"><\/script><\/p>\n","protected":false},"excerpt":{"rendered":"A influenciadora e empres\u00e1ria Mani Rego anunciou, com exclusividade ao Al\u00f4 Al\u00f4 Bahia, que estreia em 2026 com&hellip;\n","protected":false},"author":2,"featured_media":59199,"comment_status":"","ping_status":"","sticky":false,"template":"","format":"standard","meta":{"footnotes":""},"categories":[145],"tags":[211,210,114,115,32,33],"class_list":{"0":"post-59198","1":"post","2":"type-post","3":"status-publish","4":"format-standard","5":"has-post-thumbnail","7":"category-celebridades","8":"tag-celebridades","9":"tag-celebrities","10":"tag-entertainment","11":"tag-entretenimento","12":"tag-portugal","13":"tag-pt"},"share_on_mastodon":{"url":"","error":""},"_links":{"self":[{"href":"https:\/\/www.europesays.com\/pt\/wp-json\/wp\/v2\/posts\/59198","targetHints":{"allow":["GET"]}}],"collection":[{"href":"https:\/\/www.europesays.com\/pt\/wp-json\/wp\/v2\/posts"}],"about":[{"href":"https:\/\/www.europesays.com\/pt\/wp-json\/wp\/v2\/types\/post"}],"author":[{"embeddable":true,"href":"https:\/\/www.europesays.com\/pt\/wp-json\/wp\/v2\/users\/2"}],"replies":[{"embeddable":true,"href":"https:\/\/www.europesays.com\/pt\/wp-json\/wp\/v2\/comments?post=59198"}],"version-history":[{"count":0,"href":"https:\/\/www.europesays.com\/pt\/wp-json\/wp\/v2\/posts\/59198\/revisions"}],"wp:featuredmedia":[{"embeddable":true,"href":"https:\/\/www.europesays.com\/pt\/wp-json\/wp\/v2\/media\/59199"}],"wp:attachment":[{"href":"https:\/\/www.europesays.com\/pt\/wp-json\/wp\/v2\/media?parent=59198"}],"wp:term":[{"taxonomy":"category","embeddable":true,"href":"https:\/\/www.europesays.com\/pt\/wp-json\/wp\/v2\/categories?post=59198"},{"taxonomy":"post_tag","embeddable":true,"href":"https:\/\/www.europesays.com\/pt\/wp-json\/wp\/v2\/tags?post=59198"}],"curies":[{"name":"wp","href":"https:\/\/api.w.org\/{rel}","templated":true}]}}