{"id":59318,"date":"2025-09-05T03:04:28","date_gmt":"2025-09-05T03:04:28","guid":{"rendered":"https:\/\/www.europesays.com\/pt\/59318\/"},"modified":"2025-09-05T03:04:28","modified_gmt":"2025-09-05T03:04:28","slug":"livros-um-estudo-sobre-muculmanos-em-mocambique","status":"publish","type":"post","link":"https:\/\/www.europesays.com\/pt\/59318\/","title":{"rendered":"Livros: Um estudo sobre mu\u00e7ulmanos em Mo\u00e7ambique"},"content":{"rendered":"<p class=\"texto\">Aos 50 anos de independ\u00eancia, Mo\u00e7ambique vive sob uma nuvem que ensombra a sua desejada estabilidade duradoura. No norte, na prov\u00edncia de Cabo Delgado, um grupo jihadista formalmente ligado ao Estado Isl\u00e2mico atua ao estilo de uma guerrilha cl\u00e1ssica, com circula\u00e7\u00e3o de extremistas atrav\u00e9s da fronteira, mas com a maioria dos seus l\u00edderes e combatentes instalada no pa\u00eds. Ser\u00e1 prova de radicaliza\u00e7\u00e3o dos mu\u00e7ulmanos mo\u00e7ambicanos?<\/p>\n<p><a href=\"https:\/\/expresso.pt\/promo\/data\/content\/binaries\/custom\/expresso\/digital\/COGB6.html?returnUrl=https:\/\/expresso.pt\/revista\/culturas\/livros\/2025-09-04-livros-um-estudo-sobre-muculmanos-em-mocambique-5b0a9113&amp;utm_source=expresso&amp;utm_medium=locked_article&amp;locked=true&amp;article_id=1a0f2aa8-1159-4828-8dc2-078ceab57a65&amp;author_id=Margarida+Mota&amp;category=Livros\" target=\"_self\" class=\"\" rel=\"nofollow noopener\">Subscrever<\/a>J\u00e1 \u00e9 Subscritor?Fa\u00e7a login e continue a ler<a href=\"http:\/\/expresso.pt\/codigo?redirectUrl=https:\/\/expresso.pt\/revista\/culturas\/livros\/2025-09-04-livros-um-estudo-sobre-muculmanos-em-mocambique-5b0a9113\" target=\"_self\" class=\"\" rel=\"nofollow noopener\">Inserir C\u00f3digo<\/a>Comprou o Expresso?Insira o c\u00f3digo presente na Revista E para continuar a ler<\/p>\n","protected":false},"excerpt":{"rendered":"Aos 50 anos de independ\u00eancia, Mo\u00e7ambique vive sob uma nuvem que ensombra a sua desejada estabilidade duradoura. No&hellip;\n","protected":false},"author":2,"featured_media":59319,"comment_status":"","ping_status":"","sticky":false,"template":"","format":"standard","meta":{"footnotes":""},"categories":[143],"tags":[169,114,115,170,32,33],"class_list":{"0":"post-59318","1":"post","2":"type-post","3":"status-publish","4":"format-standard","5":"has-post-thumbnail","7":"category-livros","8":"tag-books","9":"tag-entertainment","10":"tag-entretenimento","11":"tag-livros","12":"tag-portugal","13":"tag-pt"},"share_on_mastodon":{"url":"","error":""},"_links":{"self":[{"href":"https:\/\/www.europesays.com\/pt\/wp-json\/wp\/v2\/posts\/59318","targetHints":{"allow":["GET"]}}],"collection":[{"href":"https:\/\/www.europesays.com\/pt\/wp-json\/wp\/v2\/posts"}],"about":[{"href":"https:\/\/www.europesays.com\/pt\/wp-json\/wp\/v2\/types\/post"}],"author":[{"embeddable":true,"href":"https:\/\/www.europesays.com\/pt\/wp-json\/wp\/v2\/users\/2"}],"replies":[{"embeddable":true,"href":"https:\/\/www.europesays.com\/pt\/wp-json\/wp\/v2\/comments?post=59318"}],"version-history":[{"count":0,"href":"https:\/\/www.europesays.com\/pt\/wp-json\/wp\/v2\/posts\/59318\/revisions"}],"wp:featuredmedia":[{"embeddable":true,"href":"https:\/\/www.europesays.com\/pt\/wp-json\/wp\/v2\/media\/59319"}],"wp:attachment":[{"href":"https:\/\/www.europesays.com\/pt\/wp-json\/wp\/v2\/media?parent=59318"}],"wp:term":[{"taxonomy":"category","embeddable":true,"href":"https:\/\/www.europesays.com\/pt\/wp-json\/wp\/v2\/categories?post=59318"},{"taxonomy":"post_tag","embeddable":true,"href":"https:\/\/www.europesays.com\/pt\/wp-json\/wp\/v2\/tags?post=59318"}],"curies":[{"name":"wp","href":"https:\/\/api.w.org\/{rel}","templated":true}]}}