{"id":59434,"date":"2025-09-05T06:16:10","date_gmt":"2025-09-05T06:16:10","guid":{"rendered":"https:\/\/www.europesays.com\/pt\/59434\/"},"modified":"2025-09-05T06:16:10","modified_gmt":"2025-09-05T06:16:10","slug":"fc-porto-interessado-em-dupla-de-jovens-do-santos","status":"publish","type":"post","link":"https:\/\/www.europesays.com\/pt\/59434\/","title":{"rendered":"FC Porto interessado em dupla de jovens do Santos"},"content":{"rendered":"<p><strong>O FC Porto demonstrou interesse nas situa\u00e7\u00f5es de JP Chermont e Souza. Ambos os jogadores jogam no Santos e s\u00e3o laterais.<\/strong><\/p>\n<p>O fim da janela de transfer\u00eancias<a href=\"https:\/\/bolanarede.pt\/especial-bola-na-rede\/atualidade\/pedro-lima-oficializado-como-novo-reforco-do-fc-porto-para-a-defesa\/\" target=\"_blank\" rel=\"noreferrer noopener nofollow\"> trouxe Pedro Lima ao FC Porto<\/a>. O lateral chegou do Wolverhampton, mas n\u00e3o foi o \u00fanico defesa a ser sondado pelos azuis e brancos no defeso.<\/p>\n<p>Segundo o jornalista Lucas Musetti Perazolli, o FC Porto procurou reunir mais informa\u00e7\u00f5es sobre JP Chermont e Souza, ambos defesas laterais e ambos jogadores do Santos. Ainda assim, n\u00e3o foi feita qualquer proposta pelo duo. <\/p>\n<p>JP Chermont \u00e9 lateral direito e, aos 19 anos, j\u00e1 leva 50 jogos pela equipa principal do Santos, tendo tamb\u00e9m j\u00e1 sido <a href=\"https:\/\/bolanarede.pt\/especial-bola-na-rede\/atualidade\/benfica-interessado-em-jp-chermont-e-com-prioridade-na-contratacao-do-lateral-do-santos\/\" target=\"_blank\" rel=\"noreferrer noopener nofollow\">associado ao Benfica<\/a>. Souza joga no lado esquerdo, tamb\u00e9m tem 19 anos e representou o Peixe por 25 ocasi\u00f5es na carreira. <\/p>\n","protected":false},"excerpt":{"rendered":"O FC Porto demonstrou interesse nas situa\u00e7\u00f5es de JP Chermont e Souza. Ambos os jogadores jogam no Santos&hellip;\n","protected":false},"author":2,"featured_media":54137,"comment_status":"","ping_status":"","sticky":false,"template":"","format":"standard","meta":{"footnotes":""},"categories":[87],"tags":[260,1620,135,478,282,16780,32,479,33,7982,16412,134],"class_list":{"0":"post-59434","1":"post","2":"type-post","3":"status-publish","4":"format-standard","5":"has-post-thumbnail","7":"category-desporto","8":"tag-atualidade","9":"tag-brasileirao","10":"tag-desporto","11":"tag-destaques-bnr","12":"tag-fc-porto","13":"tag-jp-chermont","14":"tag-portugal","15":"tag-primeira-liga","16":"tag-pt","17":"tag-santos","18":"tag-souza","19":"tag-sports"},"share_on_mastodon":{"url":"","error":""},"_links":{"self":[{"href":"https:\/\/www.europesays.com\/pt\/wp-json\/wp\/v2\/posts\/59434","targetHints":{"allow":["GET"]}}],"collection":[{"href":"https:\/\/www.europesays.com\/pt\/wp-json\/wp\/v2\/posts"}],"about":[{"href":"https:\/\/www.europesays.com\/pt\/wp-json\/wp\/v2\/types\/post"}],"author":[{"embeddable":true,"href":"https:\/\/www.europesays.com\/pt\/wp-json\/wp\/v2\/users\/2"}],"replies":[{"embeddable":true,"href":"https:\/\/www.europesays.com\/pt\/wp-json\/wp\/v2\/comments?post=59434"}],"version-history":[{"count":0,"href":"https:\/\/www.europesays.com\/pt\/wp-json\/wp\/v2\/posts\/59434\/revisions"}],"wp:featuredmedia":[{"embeddable":true,"href":"https:\/\/www.europesays.com\/pt\/wp-json\/wp\/v2\/media\/54137"}],"wp:attachment":[{"href":"https:\/\/www.europesays.com\/pt\/wp-json\/wp\/v2\/media?parent=59434"}],"wp:term":[{"taxonomy":"category","embeddable":true,"href":"https:\/\/www.europesays.com\/pt\/wp-json\/wp\/v2\/categories?post=59434"},{"taxonomy":"post_tag","embeddable":true,"href":"https:\/\/www.europesays.com\/pt\/wp-json\/wp\/v2\/tags?post=59434"}],"curies":[{"name":"wp","href":"https:\/\/api.w.org\/{rel}","templated":true}]}}